{"id":908,"date":"2020-01-30T01:35:57","date_gmt":"2020-01-30T01:35:57","guid":{"rendered":"http:\/\/teatrounam.com.mx\/fitu29\/?p=908"},"modified":"2020-02-05T01:53:13","modified_gmt":"2020-02-05T01:53:13","slug":"la-esperanza-de-martina","status":"publish","type":"post","link":"http:\/\/teatrounam.com.mx\/fitu27\/la-esperanza-de-martina\/","title":{"rendered":"La esperanza de Martina"},"content":{"rendered":"\t\t<div data-elementor-type=\"wp-post\" data-elementor-id=\"908\" class=\"elementor elementor-908\" data-elementor-settings=\"[]\">\n\t\t\t\t\t\t<div class=\"elementor-inner\">\n\t\t\t\t\t\t\t<div class=\"elementor-section-wrap\">\n\t\t\t\t\t\t\t<section class=\"elementor-section elementor-top-section elementor-element elementor-element-6b8b0de elementor-section-boxed elementor-section-height-default elementor-section-height-default\" data-id=\"6b8b0de\" data-element_type=\"section\">\n\t\t\t\t\t\t<div class=\"elementor-container elementor-column-gap-default\">\n\t\t\t\t\t\t\t<div class=\"elementor-row\">\n\t\t\t\t\t<div class=\"elementor-column elementor-col-100 elementor-top-column elementor-element elementor-element-bd4750d\" data-id=\"bd4750d\" data-element_type=\"column\">\n\t\t\t<div class=\"elementor-column-wrap elementor-element-populated\">\n\t\t\t\t\t\t\t<div class=\"elementor-widget-wrap\">\n\t\t\t\t\t\t<div class=\"elementor-element elementor-element-57dad49 elementor-hidden-desktop elementor-hidden-tablet elementor-hidden-phone elementor-widget elementor-widget-text-editor\" data-id=\"57dad49\" data-element_type=\"widget\" data-widget_type=\"text-editor.default\">\n\t\t\t\t<div class=\"elementor-widget-container\">\n\t\t\t\t\t<div class=\"elementor-text-editor elementor-clearfix\"><p><a href=\"http:\/\/teatrounam.com.mx\/fitu29\/plataforma-de-profesionalizacion\/\"><img loading=\"lazy\" class=\"alignnone size-full wp-image-375\" src=\"http:\/\/teatrounam.com.mx\/fitu29\/wp-content\/uploads\/2020\/01\/profesionalizacion.jpg\" alt=\"\" width=\"35\" height=\"35\" \/><\/a> <a href=\"http:\/\/teatrounam.com.mx\/fitu29\/perspectiva-de-genero\/\"><img loading=\"lazy\" class=\"alignnone size-full wp-image-373\" src=\"http:\/\/teatrounam.com.mx\/fitu29\/wp-content\/uploads\/2020\/01\/genero.jpg\" alt=\"\" width=\"35\" height=\"35\" \/><\/a> <a href=\"http:\/\/teatrounam.com.mx\/fitu29\/trabajo-en-grupos-y-companias\/\"><img loading=\"lazy\" class=\"alignnone size-full wp-image-372\" src=\"http:\/\/teatrounam.com.mx\/fitu29\/wp-content\/uploads\/2020\/01\/companias.jpg\" alt=\"\" width=\"35\" height=\"35\" \/><\/a> <a href=\"http:\/\/teatrounam.com.mx\/fitu29\/teatro-para-ninos-ninas-y-jovenes-audiencias\/\"><img loading=\"lazy\" class=\"alignnone size-full wp-image-374\" src=\"http:\/\/teatrounam.com.mx\/fitu29\/wp-content\/uploads\/2020\/01\/ninos.jpg\" alt=\"\" width=\"35\" height=\"35\" \/><\/a> <a href=\"http:\/\/teatrounam.com.mx\/fitu29\/teatro-de-calle-y-en-espacios-alternativos\/\"><img loading=\"lazy\" class=\"alignnone size-full wp-image-371\" src=\"http:\/\/teatrounam.com.mx\/fitu29\/wp-content\/uploads\/2020\/01\/calle.jpg\" alt=\"\" width=\"35\" height=\"35\" \/><\/a><\/p><\/div>\n\t\t\t\t<\/div>\n\t\t\t\t<\/div>\n\t\t\t\t<div class=\"elementor-element elementor-element-2bf15c7 elementor-widget elementor-widget-text-editor\" data-id=\"2bf15c7\" data-element_type=\"widget\" data-widget_type=\"text-editor.default\">\n\t\t\t\t<div class=\"elementor-widget-container\">\n\t\t\t\t\t<div class=\"elementor-text-editor elementor-clearfix\"><p class=\"western\"><span style=\"font-family: Helvetica, serif;\"><span style=\"font-size: medium;\">Autor: <\/span><\/span><span style=\"font-family: Helvetica, serif;\"><span style=\"font-size: medium;\"><b>M\u00f3nica Hoth.<\/b><\/span><\/span><\/p><p class=\"western\"><span style=\"font-family: Helvetica, serif;\"><span style=\"font-size: medium;\">Direcci\u00f3n: <\/span><\/span><span style=\"font-family: Helvetica, serif;\"><span style=\"font-size: medium;\"><b>Alberto Bueno.<\/b><\/span><\/span><\/p><p class=\"western\"><span style=\"font-family: Helvetica, serif;\"><span style=\"font-size: medium;\">Grupo: <\/span><\/span><span style=\"font-family: Helvetica, serif;\"><span style=\"font-size: medium;\"><b>AGUAALADA DE LA UAS.<\/b><\/span><\/span><\/p><p class=\"western\"><span style=\"font-family: Helvetica, serif;\"><span style=\"font-size: medium;\">El pap\u00e1 de Martina dice que es un hombre p\u00e1jaro porque \u00e9l es igual que los p\u00e1jaros que van al norte al comienzo de cada a\u00f1o y regresan al sur cuando el a\u00f1o se acaba. El pap\u00e1 de Martina le dijo que volver\u00eda del \u201cotro lado\u201d y que le traer\u00eda una bicicleta, pero de un tiempo para ac\u00e1, nadie sabe nada de \u00e9l. Martina no se resigna a que la olvide y una circunstancia fortuita har\u00e1 que emprenda un viaje fant\u00e1stico al \u201cotro lado\u201d para salvarlo del olvido. <\/span><\/span><\/p><p class=\"western\"><span style=\"font-family: Helvetica, serif;\"><span style=\"font-size: medium;\">Reparto<\/span><\/span><\/p><p class=\"western\"><span style=\"font-family: Helvetica, serif;\"><span style=\"font-size: medium;\"><b>Mariana Mart\u00ednez Mercado<\/b><\/span><\/span><span style=\"font-family: Helvetica, serif;\"><span style=\"font-size: medium;\"> \u2013 <\/span><\/span><span style=\"font-family: Helvetica, serif;\"><span style=\"font-size: medium;\"><i>Mam\u00e1 \/ Dorotea \/ Catarino \/ Skinhead \/ Ayudante Memo<\/i><\/span><\/span><\/p><p class=\"western\"><span style=\"font-family: Helvetica, serif;\"><span style=\"font-size: medium;\"><b>Cecilia L\u00f3pez Medina \/ Sarah Arag\u00f3n<\/b><\/span><\/span><span style=\"font-family: Helvetica, serif;\"><span style=\"font-size: medium;\"> \u2013 <\/span><\/span><span style=\"font-family: Helvetica, serif;\"><span style=\"font-size: medium;\"><i>Mujer \/ Amiga \/ V\u00edbora \/ Gigante 1 \/ Ayudante Memo<\/i><\/span><\/span><\/p><p class=\"western\"><span style=\"font-family: Helvetica, serif;\"><span style=\"font-size: medium;\"><b>Luis Artemio Ort\u00edz<\/b><\/span><\/span><span style=\"font-family: Helvetica, serif;\"><span style=\"font-size: medium;\"> \u2013 <\/span><\/span><span style=\"font-family: Helvetica, serif;\"><span style=\"font-size: medium;\"><i>Tendera \/ Don Chipote \/ Gigante 2 \/ Lobo \/ Perros Migra \/ Bato loco \/ Memo<\/i><\/span><\/span><\/p><p class=\"western\"><span style=\"font-family: Helvetica, serif;\"><span style=\"font-size: medium;\"><b>Adamari L\u00f3pez Medina<\/b><\/span><\/span><span style=\"font-family: Helvetica, serif;\"><span style=\"font-size: medium;\"> \u2013 <\/span><\/span><span style=\"font-family: Helvetica, serif;\"><span style=\"font-size: medium;\"><i>Martina<\/i><\/span><\/span><\/p><p class=\"western\"><span style=\"font-family: Helvetica, serif;\"><span style=\"font-size: medium;\">Equipo creativo<\/span><\/span><\/p><p class=\"western\"><span style=\"font-family: Helvetica, serif;\"><span style=\"font-size: medium;\">Escenograf\u00eda e iluminaci\u00f3n: <\/span><\/span><span style=\"font-family: Helvetica, serif;\"><span style=\"font-size: medium;\"><b>Alberto Bueno<\/b><\/span><\/span><\/p><p class=\"western\"><span style=\"font-family: Helvetica, serif;\"><span style=\"font-size: medium;\">Vestuario y multimedia: <\/span><\/span><span style=\"font-family: Helvetica, serif;\"><span style=\"font-size: medium;\"><b>AGUAALADA<\/b><\/span><\/span><\/p><p class=\"western\"><span style=\"font-family: Helvetica, serif;\"><span style=\"font-size: medium;\">Asistente de direcci\u00f3n: <\/span><\/span><span style=\"font-family: Helvetica, serif;\"><span style=\"font-size: medium;\"><b>Kathia Borboa<\/b><\/span><\/span><\/p><p>__________________<\/p><p>Categor\u00eda C4 . Teatro para ni\u00f1as, ni\u00f1os y j\u00f3venes audiencias<\/p><h5 class=\"western\"><span style=\"font-family: Helvetica, serif;\"><span style=\"font-size: medium;\"><b>La esperanza de Martina<\/b><\/span><\/span><\/h5><p class=\"western\"><span style=\"font-family: Helvetica, serif;\"><span style=\"font-size: medium;\">Autor: <\/span><\/span><span style=\"font-family: Helvetica, serif;\"><span style=\"font-size: medium;\"><b>M\u00f3nica Hoth<\/b><\/span><\/span><\/p><p class=\"western\"><span style=\"font-family: Helvetica, serif;\"><span style=\"font-size: medium;\">Direcci\u00f3n: <\/span><\/span><span style=\"font-family: Helvetica, serif;\"><span style=\"font-size: medium;\"><b>Alberto Bueno<\/b><\/span><\/span><\/p><p class=\"western\"><span style=\"font-family: Helvetica, serif;\"><span style=\"font-size: medium;\">Grupo: <\/span><\/span><span style=\"font-family: Helvetica, serif;\"><span style=\"font-size: medium;\"><b>AGUAALADA DE LA UAS<\/b><\/span><\/span><\/p><p class=\"western\"><span style=\"font-family: Helvetica, serif;\"><span style=\"font-size: medium;\"><strong>Licenciatura en Teatro de la Universidad Aut\u00f3noma de Sinaloa<\/strong> | Sinaloa<br \/><\/span><\/span><\/p><p class=\"western\"><span style=\"font-family: Helvetica, serif;\"><span style=\"font-size: medium;\"><b>Martes 11<\/b><\/span><\/span><span style=\"font-family: Helvetica, serif;\"><span style=\"font-size: medium;\"> | 20 h<\/span><\/span><\/p><p class=\"western\"><span style=\"font-family: Helvetica, serif;\"><span style=\"font-size: medium;\"><b>Foro Sor Juana In\u00e9s de la Cruz<\/b><\/span><\/span><\/p><p class=\"western\"><span style=\"font-family: Helvetica, serif;\"><span style=\"font-size: medium;\">Centro Cultural Universitario, Insurgentes sur 3000<\/span><\/span><\/p><p class=\"western\"><span style=\"font-family: Helvetica, serif;\"><span style=\"font-size: medium;\">Duraci\u00f3n: <\/span><\/span><span style=\"font-family: Helvetica, serif;\"><span style=\"font-size: medium;\"><b>55 min.<\/b><\/span><\/span><\/p><\/div>\n\t\t\t\t<\/div>\n\t\t\t\t<\/div>\n\t\t\t\t\t\t<\/div>\n\t\t\t\t\t<\/div>\n\t\t<\/div>\n\t\t\t\t\t\t\t\t<\/div>\n\t\t\t\t\t<\/div>\n\t\t<\/section>\n\t\t\t\t<section class=\"elementor-section elementor-top-section elementor-element elementor-element-08b0dc0 elementor-section-boxed elementor-section-height-default elementor-section-height-default\" data-id=\"08b0dc0\" data-element_type=\"section\">\n\t\t\t\t\t\t<div class=\"elementor-container elementor-column-gap-default\">\n\t\t\t\t\t\t\t<div class=\"elementor-row\">\n\t\t\t\t\t<div class=\"elementor-column elementor-col-100 elementor-top-column elementor-element elementor-element-38eb0f9\" data-id=\"38eb0f9\" data-element_type=\"column\">\n\t\t\t<div class=\"elementor-column-wrap elementor-element-populated\">\n\t\t\t\t\t\t\t<div class=\"elementor-widget-wrap\">\n\t\t\t\t\t\t<div class=\"elementor-element elementor-element-330c525 elementor-widget-divider--view-line elementor-widget elementor-widget-divider\" data-id=\"330c525\" data-element_type=\"widget\" data-widget_type=\"divider.default\">\n\t\t\t\t<div class=\"elementor-widget-container\">\n\t\t\t\t\t<div class=\"elementor-divider\">\n\t\t\t<span class=\"elementor-divider-separator\">\n\t\t\t\t\t\t<\/span>\n\t\t<\/div>\n\t\t\t\t<\/div>\n\t\t\t\t<\/div>\n\t\t\t\t\t\t<\/div>\n\t\t\t\t\t<\/div>\n\t\t<\/div>\n\t\t\t\t\t\t\t\t<\/div>\n\t\t\t\t\t<\/div>\n\t\t<\/section>\n\t\t\t\t<section class=\"elementor-section elementor-top-section elementor-element elementor-element-3d937c9 elementor-section-boxed elementor-section-height-default elementor-section-height-default\" data-id=\"3d937c9\" data-element_type=\"section\">\n\t\t\t\t\t\t<div class=\"elementor-container elementor-column-gap-default\">\n\t\t\t\t\t\t\t<div class=\"elementor-row\">\n\t\t\t\t\t<div class=\"elementor-column elementor-col-100 elementor-top-column elementor-element elementor-element-1030230\" data-id=\"1030230\" data-element_type=\"column\">\n\t\t\t<div class=\"elementor-column-wrap elementor-element-populated\">\n\t\t\t\t\t\t\t<div class=\"elementor-widget-wrap\">\n\t\t\t\t\t\t<div class=\"elementor-element elementor-element-6350dce elementor-widget elementor-widget-heading\" data-id=\"6350dce\" data-element_type=\"widget\" data-widget_type=\"heading.default\">\n\t\t\t\t<div class=\"elementor-widget-container\">\n\t\t\t<h2 class=\"elementor-heading-title elementor-size-default\">Obras de la categor\u00eda C4, Teatro para nin\u0303os, nin\u0303as y jo\u0301venes audiencias<\/h2>\t\t<\/div>\n\t\t\t\t<\/div>\n\t\t\t\t\t\t<\/div>\n\t\t\t\t\t<\/div>\n\t\t<\/div>\n\t\t\t\t\t\t\t\t<\/div>\n\t\t\t\t\t<\/div>\n\t\t<\/section>\n\t\t\t\t<section class=\"elementor-section elementor-top-section elementor-element elementor-element-4188769 elementor-section-boxed elementor-section-height-default elementor-section-height-default\" data-id=\"4188769\" data-element_type=\"section\">\n\t\t\t\t\t\t<div class=\"elementor-container elementor-column-gap-default\">\n\t\t\t\t\t\t\t<div class=\"elementor-row\">\n\t\t\t\t\t<div class=\"elementor-column elementor-col-100 elementor-top-column elementor-element elementor-element-84e1b8d\" data-id=\"84e1b8d\" data-element_type=\"column\">\n\t\t\t<div class=\"elementor-column-wrap elementor-element-populated\">\n\t\t\t\t\t\t\t<div class=\"elementor-widget-wrap\">\n\t\t\t\t\t\t<div class=\"elementor-element elementor-element-1197327 elementor-grid-eael-col-2 elementor-grid-tablet-eael-col-2 elementor-grid-mobile-eael-col-1 elementor-widget elementor-widget-eael-post-grid\" data-id=\"1197327\" data-element_type=\"widget\" data-settings=\"{&quot;eael_post_grid_columns&quot;:&quot;eael-col-2&quot;,&quot;eael_post_grid_columns_tablet&quot;:&quot;eael-col-2&quot;,&quot;eael_post_grid_columns_mobile&quot;:&quot;eael-col-1&quot;}\" data-widget_type=\"eael-post-grid.default\">\n\t\t\t\t<div class=\"elementor-widget-container\">\n\t\t\t<div id=\"eael-post-grid-1197327\" class=\"eael-post-grid-container\">\n            <div class=\"eael-post-grid eael-post-appender eael-post-appender-1197327 eael-post-grid-style-default\" data-layout-mode=\"masonry\"><article class=\"eael-grid-post eael-post-grid-column\" data-id=\"917\">\n        <div class=\"eael-grid-post-holder\">\n            <div class=\"eael-grid-post-holder-inner\"><div class=\"eael-entry-media\"><div class=\"eael-entry-overlay fade-in\"><i class=\"fas fa-long-arrow-alt-right\" aria-hidden=\"true\"><\/i><a\n                            href=\"http:\/\/teatrounam.com.mx\/fitu27\/kasperle-o-la-tragica-historia-del-doctor-fausto\/\"\n                            \n                            \n                        ><\/a><\/div><div class=\"eael-entry-thumbnail\">\n                                <img src=\"http:\/\/teatrounam.com.mx\/fitu27\/wp-content\/uploads\/2020\/01\/Kasperle-o-la-tragica-historia.png\" alt=\"\">\n                            <\/div><\/div><div class=\"eael-entry-wrapper\"><header class=\"eael-entry-header\"><h2 class=\"eael-entry-title\"><a\n                        class=\"eael-grid-post-link\"\n                        href=\"http:\/\/teatrounam.com.mx\/fitu27\/kasperle-o-la-tragica-historia-del-doctor-fausto\/\"\n                        title=\"Kasperle o la tr\u00e1gica historia del Doctor Fausto\"\n                        \n                        \n                        >Kasperle o la tr\u00e1gica historia del Doctor Fausto<\/a><\/h2><\/header><div class=\"eael-entry-content\">\n                        <div class=\"eael-grid-post-excerpt\"><p>Autor: Maribel Carrasco. Adaptaci\u00f3n y direcci\u00f3n: Quy Lan Lachino. El viejo Doctor Fausto har\u00e1 todo lo posible por ser el sabio m\u00e1s grande del Universo, incluso vender su alma al...<\/p><a\n                            href=\"http:\/\/teatrounam.com.mx\/fitu27\/kasperle-o-la-tragica-historia-del-doctor-fausto\/\"\n                            class=\"eael-post-elements-readmore-btn\"\n                            \n                            \n                            >Leer m\u00e1s<\/a><\/div>\n                    <\/div><\/div><\/div>\n        <\/div>\n    <\/article><article class=\"eael-grid-post eael-post-grid-column\" data-id=\"913\">\n        <div class=\"eael-grid-post-holder\">\n            <div class=\"eael-grid-post-holder-inner\"><div class=\"eael-entry-media\"><div class=\"eael-entry-overlay fade-in\"><i class=\"fas fa-long-arrow-alt-right\" aria-hidden=\"true\"><\/i><a\n                            href=\"http:\/\/teatrounam.com.mx\/fitu27\/transbordador-zel\/\"\n                            \n                            \n                        ><\/a><\/div><div class=\"eael-entry-thumbnail\">\n                                <img src=\"http:\/\/teatrounam.com.mx\/fitu27\/wp-content\/uploads\/2020\/01\/Transbordador-ZEL.png\" alt=\"\">\n                            <\/div><\/div><div class=\"eael-entry-wrapper\"><header class=\"eael-entry-header\"><h2 class=\"eael-entry-title\"><a\n                        class=\"eael-grid-post-link\"\n                        href=\"http:\/\/teatrounam.com.mx\/fitu27\/transbordador-zel\/\"\n                        title=\"Transbordador ZEL\"\n                        \n                        \n                        >Transbordador ZEL<\/a><\/h2><\/header><div class=\"eael-entry-content\">\n                        <div class=\"eael-grid-post-excerpt\"><p>Autor: Tony Corrales. Direcci\u00f3n: Alejandro Cervantes. Grupo: Quarto Acto. Zel quiere ser una piloto intergal\u00e1ctico, pero nadie conf\u00eda en esa idea y su madre insiste que tiene que ser una...<\/p><a\n                            href=\"http:\/\/teatrounam.com.mx\/fitu27\/transbordador-zel\/\"\n                            class=\"eael-post-elements-readmore-btn\"\n                            \n                            \n                            >Leer m\u00e1s<\/a><\/div>\n                    <\/div><\/div><\/div>\n        <\/div>\n    <\/article><article class=\"eael-grid-post eael-post-grid-column\" data-id=\"908\">\n        <div class=\"eael-grid-post-holder\">\n            <div class=\"eael-grid-post-holder-inner\"><div class=\"eael-entry-media\"><div class=\"eael-entry-overlay fade-in\"><i class=\"fas fa-long-arrow-alt-right\" aria-hidden=\"true\"><\/i><a\n                            href=\"http:\/\/teatrounam.com.mx\/fitu27\/la-esperanza-de-martina\/\"\n                            \n                            \n                        ><\/a><\/div><div class=\"eael-entry-thumbnail\">\n                                <img src=\"http:\/\/teatrounam.com.mx\/fitu27\/wp-content\/uploads\/2020\/01\/La-esperanza-de-Martina.png\" alt=\"\">\n                            <\/div><\/div><div class=\"eael-entry-wrapper\"><header class=\"eael-entry-header\"><h2 class=\"eael-entry-title\"><a\n                        class=\"eael-grid-post-link\"\n                        href=\"http:\/\/teatrounam.com.mx\/fitu27\/la-esperanza-de-martina\/\"\n                        title=\"La esperanza de Martina\"\n                        \n                        \n                        >La esperanza de Martina<\/a><\/h2><\/header><div class=\"eael-entry-content\">\n                        <div class=\"eael-grid-post-excerpt\"><p>Autor: M\u00f3nica Hoth. Direcci\u00f3n: Alberto Bueno. Grupo: AGUAALADA DE LA UAS. El pap\u00e1 de Martina dice que es un hombre p\u00e1jaro porque \u00e9l es igual que los p\u00e1jaros que van...<\/p><a\n                            href=\"http:\/\/teatrounam.com.mx\/fitu27\/la-esperanza-de-martina\/\"\n                            class=\"eael-post-elements-readmore-btn\"\n                            \n                            \n                            >Leer m\u00e1s<\/a><\/div>\n                    <\/div><\/div><\/div>\n        <\/div>\n    <\/article><article class=\"eael-grid-post eael-post-grid-column\" data-id=\"904\">\n        <div class=\"eael-grid-post-holder\">\n            <div class=\"eael-grid-post-holder-inner\"><div class=\"eael-entry-media\"><div class=\"eael-entry-overlay fade-in\"><i class=\"fas fa-long-arrow-alt-right\" aria-hidden=\"true\"><\/i><a\n                            href=\"http:\/\/teatrounam.com.mx\/fitu27\/la-del-conejo-dentro-de-la-caja-de-zapatos\/\"\n                            \n                            \n                        ><\/a><\/div><div class=\"eael-entry-thumbnail\">\n                                <img src=\"http:\/\/teatrounam.com.mx\/fitu27\/wp-content\/uploads\/2020\/01\/La-del-conejo-dentro-de-la-caja.png\" alt=\"\">\n                            <\/div><\/div><div class=\"eael-entry-wrapper\"><header class=\"eael-entry-header\"><h2 class=\"eael-entry-title\"><a\n                        class=\"eael-grid-post-link\"\n                        href=\"http:\/\/teatrounam.com.mx\/fitu27\/la-del-conejo-dentro-de-la-caja-de-zapatos\/\"\n                        title=\"La del conejo dentro de la caja de zapatos\"\n                        \n                        \n                        >La del conejo dentro de la caja de zapatos<\/a><\/h2><\/header><div class=\"eael-entry-content\">\n                        <div class=\"eael-grid-post-excerpt\"><p>Autor y director: Oscar Reyes. Grupo: La Maleta Teatro. Felicia y su madre viven en una peque\u00f1a casa cerca de un muelle, en un lugar donde por alguna extra\u00f1a raz\u00f3n...<\/p><a\n                            href=\"http:\/\/teatrounam.com.mx\/fitu27\/la-del-conejo-dentro-de-la-caja-de-zapatos\/\"\n                            class=\"eael-post-elements-readmore-btn\"\n                            \n                            \n                            >Leer m\u00e1s<\/a><\/div>\n                    <\/div><\/div><\/div>\n        <\/div>\n    <\/article><\/div>\n            <div class=\"clearfix\"><\/div>\n        <\/div>\t\t<\/div>\n\t\t\t\t<\/div>\n\t\t\t\t\t\t<\/div>\n\t\t\t\t\t<\/div>\n\t\t<\/div>\n\t\t\t\t\t\t\t\t<\/div>\n\t\t\t\t\t<\/div>\n\t\t<\/section>\n\t\t\t\t\t\t<\/div>\n\t\t\t\t\t\t<\/div>\n\t\t\t\t\t<\/div>\n\t\t","protected":false},"excerpt":{"rendered":"<p>Autor: M\u00f3nica Hoth. Direcci\u00f3n: Alberto Bueno. Grupo: AGUAALADA DE LA UAS. El pap\u00e1 de Martina dice que es un hombre p\u00e1jaro porque \u00e9l es igual que los p\u00e1jaros que van &hellip; <\/p>\n","protected":false},"author":1,"featured_media":909,"comment_status":"closed","ping_status":"closed","sticky":false,"template":"","format":"standard","meta":{"spay_email":""},"categories":[62,31,20],"tags":[],"yoast_head":"<!-- This site is optimized with the Yoast SEO plugin v16.1.1 - https:\/\/yoast.com\/wordpress\/plugins\/seo\/ -->\n<title>La esperanza de Martina - 27 Festival Internacional de Teatro Universitario<\/title>\n<meta property=\"og:locale\" content=\"es_MX\" \/>\n<meta property=\"og:type\" content=\"article\" \/>\n<meta property=\"og:title\" content=\"La esperanza de Martina - 27 Festival Internacional de Teatro Universitario\" \/>\n<meta property=\"og:description\" content=\"Autor: M\u00f3nica Hoth. Direcci\u00f3n: Alberto Bueno. Grupo: AGUAALADA DE LA UAS. El pap\u00e1 de Martina dice que es un hombre p\u00e1jaro porque \u00e9l es igual que los p\u00e1jaros que van &hellip;\" \/>\n<meta property=\"og:url\" content=\"http:\/\/teatrounam.com.mx\/fitu27\/la-esperanza-de-martina\/\" \/>\n<meta property=\"og:site_name\" content=\"27 Festival Internacional de Teatro Universitario\" \/>\n<meta property=\"article:published_time\" content=\"2020-01-30T01:35:57+00:00\" \/>\n<meta property=\"article:modified_time\" content=\"2020-02-05T01:53:13+00:00\" \/>\n<meta property=\"og:image\" content=\"http:\/\/teatrounam.com.mx\/fitu27\/wp-content\/uploads\/2020\/01\/La-esperanza-de-Martina.png\" \/>\n\t<meta property=\"og:image:width\" content=\"1027\" \/>\n\t<meta property=\"og:image:height\" content=\"606\" \/>\n<meta name=\"twitter:card\" content=\"summary_large_image\" \/>\n<meta name=\"twitter:label1\" content=\"Tiempo de lectura\">\n\t<meta name=\"twitter:data1\" content=\"1 minuto\">\n<script type=\"application\/ld+json\" class=\"yoast-schema-graph\">{\"@context\":\"https:\/\/schema.org\",\"@graph\":[{\"@type\":\"WebSite\",\"@id\":\"https:\/\/teatrounam.com.mx\/fitu27\/#website\",\"url\":\"https:\/\/teatrounam.com.mx\/fitu27\/\",\"name\":\"27 Festival Internacional de Teatro Universitario\",\"description\":\"Del 7 al 16 de febrero 2020\",\"potentialAction\":[{\"@type\":\"SearchAction\",\"target\":\"https:\/\/teatrounam.com.mx\/fitu27\/?s={search_term_string}\",\"query-input\":\"required name=search_term_string\"}],\"inLanguage\":\"es-MX\"},{\"@type\":\"ImageObject\",\"@id\":\"http:\/\/teatrounam.com.mx\/fitu27\/la-esperanza-de-martina\/#primaryimage\",\"inLanguage\":\"es-MX\",\"url\":\"http:\/\/teatrounam.com.mx\/fitu27\/wp-content\/uploads\/2020\/01\/La-esperanza-de-Martina.png\",\"contentUrl\":\"http:\/\/teatrounam.com.mx\/fitu27\/wp-content\/uploads\/2020\/01\/La-esperanza-de-Martina.png\",\"width\":1027,\"height\":606},{\"@type\":\"WebPage\",\"@id\":\"http:\/\/teatrounam.com.mx\/fitu27\/la-esperanza-de-martina\/#webpage\",\"url\":\"http:\/\/teatrounam.com.mx\/fitu27\/la-esperanza-de-martina\/\",\"name\":\"La esperanza de Martina - 27 Festival Internacional de Teatro Universitario\",\"isPartOf\":{\"@id\":\"https:\/\/teatrounam.com.mx\/fitu27\/#website\"},\"primaryImageOfPage\":{\"@id\":\"http:\/\/teatrounam.com.mx\/fitu27\/la-esperanza-de-martina\/#primaryimage\"},\"datePublished\":\"2020-01-30T01:35:57+00:00\",\"dateModified\":\"2020-02-05T01:53:13+00:00\",\"author\":{\"@id\":\"https:\/\/teatrounam.com.mx\/fitu27\/#\/schema\/person\/ccd91f4c6635e14b9d994ede00b28e62\"},\"breadcrumb\":{\"@id\":\"http:\/\/teatrounam.com.mx\/fitu27\/la-esperanza-de-martina\/#breadcrumb\"},\"inLanguage\":\"es-MX\",\"potentialAction\":[{\"@type\":\"ReadAction\",\"target\":[\"http:\/\/teatrounam.com.mx\/fitu27\/la-esperanza-de-martina\/\"]}]},{\"@type\":\"BreadcrumbList\",\"@id\":\"http:\/\/teatrounam.com.mx\/fitu27\/la-esperanza-de-martina\/#breadcrumb\",\"itemListElement\":[{\"@type\":\"ListItem\",\"position\":1,\"item\":{\"@type\":\"WebPage\",\"@id\":\"http:\/\/teatrounam.com.mx\/fitu27\/\",\"url\":\"http:\/\/teatrounam.com.mx\/fitu27\/\",\"name\":\"Home\"}},{\"@type\":\"ListItem\",\"position\":2,\"item\":{\"@type\":\"WebPage\",\"@id\":\"http:\/\/teatrounam.com.mx\/fitu27\/la-esperanza-de-martina\/\",\"url\":\"http:\/\/teatrounam.com.mx\/fitu27\/la-esperanza-de-martina\/\",\"name\":\"La esperanza de Martina\"}}]},{\"@type\":\"Person\",\"@id\":\"https:\/\/teatrounam.com.mx\/fitu27\/#\/schema\/person\/ccd91f4c6635e14b9d994ede00b28e62\",\"name\":\"teatrounam\",\"image\":{\"@type\":\"ImageObject\",\"@id\":\"https:\/\/teatrounam.com.mx\/fitu27\/#personlogo\",\"inLanguage\":\"es-MX\",\"url\":\"http:\/\/2.gravatar.com\/avatar\/e4432af7cb563867882da40c01d190bc?s=96&d=mm&r=g\",\"contentUrl\":\"http:\/\/2.gravatar.com\/avatar\/e4432af7cb563867882da40c01d190bc?s=96&d=mm&r=g\",\"caption\":\"teatrounam\"}}]}<\/script>\n<!-- \/ Yoast SEO plugin. -->","jetpack_featured_media_url":"http:\/\/teatrounam.com.mx\/fitu27\/wp-content\/uploads\/2020\/01\/La-esperanza-de-Martina.png","_links":{"self":[{"href":"http:\/\/teatrounam.com.mx\/fitu27\/wp-json\/wp\/v2\/posts\/908"}],"collection":[{"href":"http:\/\/teatrounam.com.mx\/fitu27\/wp-json\/wp\/v2\/posts"}],"about":[{"href":"http:\/\/teatrounam.com.mx\/fitu27\/wp-json\/wp\/v2\/types\/post"}],"author":[{"embeddable":true,"href":"http:\/\/teatrounam.com.mx\/fitu27\/wp-json\/wp\/v2\/users\/1"}],"replies":[{"embeddable":true,"href":"http:\/\/teatrounam.com.mx\/fitu27\/wp-json\/wp\/v2\/comments?post=908"}],"version-history":[{"count":5,"href":"http:\/\/teatrounam.com.mx\/fitu27\/wp-json\/wp\/v2\/posts\/908\/revisions"}],"predecessor-version":[{"id":1830,"href":"http:\/\/teatrounam.com.mx\/fitu27\/wp-json\/wp\/v2\/posts\/908\/revisions\/1830"}],"wp:featuredmedia":[{"embeddable":true,"href":"http:\/\/teatrounam.com.mx\/fitu27\/wp-json\/wp\/v2\/media\/909"}],"wp:attachment":[{"href":"http:\/\/teatrounam.com.mx\/fitu27\/wp-json\/wp\/v2\/media?parent=908"}],"wp:term":[{"taxonomy":"category","embeddable":true,"href":"http:\/\/teatrounam.com.mx\/fitu27\/wp-json\/wp\/v2\/categories?post=908"},{"taxonomy":"post_tag","embeddable":true,"href":"http:\/\/teatrounam.com.mx\/fitu27\/wp-json\/wp\/v2\/tags?post=908"}],"curies":[{"name":"wp","href":"https:\/\/api.w.org\/{rel}","templated":true}]}}