{"id":663,"date":"2020-01-29T01:12:04","date_gmt":"2020-01-29T01:12:04","guid":{"rendered":"http:\/\/teatrounam.com.mx\/fitu29\/?p=663"},"modified":"2020-02-05T01:47:38","modified_gmt":"2020-02-05T01:47:38","slug":"el-cielo-en-la-piel","status":"publish","type":"post","link":"http:\/\/teatrounam.com.mx\/fitu27\/el-cielo-en-la-piel\/","title":{"rendered":"El cielo en la piel"},"content":{"rendered":"\t\t<div data-elementor-type=\"wp-post\" data-elementor-id=\"663\" class=\"elementor elementor-663\" data-elementor-settings=\"[]\">\n\t\t\t\t\t\t<div class=\"elementor-inner\">\n\t\t\t\t\t\t\t<div class=\"elementor-section-wrap\">\n\t\t\t\t\t\t\t<section class=\"elementor-section elementor-top-section elementor-element elementor-element-6b8b0de elementor-section-boxed elementor-section-height-default elementor-section-height-default\" data-id=\"6b8b0de\" data-element_type=\"section\">\n\t\t\t\t\t\t<div class=\"elementor-container elementor-column-gap-default\">\n\t\t\t\t\t\t\t<div class=\"elementor-row\">\n\t\t\t\t\t<div class=\"elementor-column elementor-col-100 elementor-top-column elementor-element elementor-element-bd4750d\" data-id=\"bd4750d\" data-element_type=\"column\">\n\t\t\t<div class=\"elementor-column-wrap elementor-element-populated\">\n\t\t\t\t\t\t\t<div class=\"elementor-widget-wrap\">\n\t\t\t\t\t\t<div class=\"elementor-element elementor-element-57dad49 elementor-hidden-desktop elementor-hidden-tablet elementor-hidden-phone elementor-widget elementor-widget-text-editor\" data-id=\"57dad49\" data-element_type=\"widget\" data-widget_type=\"text-editor.default\">\n\t\t\t\t<div class=\"elementor-widget-container\">\n\t\t\t\t\t<div class=\"elementor-text-editor elementor-clearfix\"><p><a href=\"http:\/\/teatrounam.com.mx\/fitu29\/plataforma-de-profesionalizacion\/\"><img loading=\"lazy\" class=\"alignnone size-full wp-image-375\" src=\"http:\/\/teatrounam.com.mx\/fitu29\/wp-content\/uploads\/2020\/01\/profesionalizacion.jpg\" alt=\"\" width=\"35\" height=\"35\" \/><\/a> <a href=\"http:\/\/teatrounam.com.mx\/fitu29\/perspectiva-de-genero\/\"><img loading=\"lazy\" class=\"alignnone size-full wp-image-373\" src=\"http:\/\/teatrounam.com.mx\/fitu29\/wp-content\/uploads\/2020\/01\/genero.jpg\" alt=\"\" width=\"35\" height=\"35\" \/><\/a> <a href=\"http:\/\/teatrounam.com.mx\/fitu29\/trabajo-en-grupos-y-companias\/\"><img loading=\"lazy\" class=\"alignnone size-full wp-image-372\" src=\"http:\/\/teatrounam.com.mx\/fitu29\/wp-content\/uploads\/2020\/01\/companias.jpg\" alt=\"\" width=\"35\" height=\"35\" \/><\/a> <a href=\"http:\/\/teatrounam.com.mx\/fitu29\/teatro-para-ninos-ninas-y-jovenes-audiencias\/\"><img loading=\"lazy\" class=\"alignnone size-full wp-image-374\" src=\"http:\/\/teatrounam.com.mx\/fitu29\/wp-content\/uploads\/2020\/01\/ninos.jpg\" alt=\"\" width=\"35\" height=\"35\" \/><\/a> <a href=\"http:\/\/teatrounam.com.mx\/fitu29\/teatro-de-calle-y-en-espacios-alternativos\/\"><img loading=\"lazy\" class=\"alignnone size-full wp-image-371\" src=\"http:\/\/teatrounam.com.mx\/fitu29\/wp-content\/uploads\/2020\/01\/calle.jpg\" alt=\"\" width=\"35\" height=\"35\" \/><\/a><\/p><\/div>\n\t\t\t\t<\/div>\n\t\t\t\t<\/div>\n\t\t\t\t<div class=\"elementor-element elementor-element-2bf15c7 elementor-widget elementor-widget-text-editor\" data-id=\"2bf15c7\" data-element_type=\"widget\" data-widget_type=\"text-editor.default\">\n\t\t\t\t<div class=\"elementor-widget-container\">\n\t\t\t\t\t<div class=\"elementor-text-editor elementor-clearfix\"><p><span style=\"font-family: Helvetica, sans-serif;\"><span style=\"font-size: medium;\">De:<\/span><span style=\"font-size: medium;\"><b> Edgar Ch\u00edas<\/b><\/span><span style=\"font-size: medium;\">. Adaptaci\u00f3n y direcci\u00f3n: <\/span><span style=\"font-size: medium;\"><b>Guillermo Navarro Fern\u00e1ndez<\/b><\/span><\/span><\/p><p><span style=\"font-family: Helvetica, sans-serif;\"><span style=\"font-size: medium;\">Cuadros de reflexi\u00f3n sobre este M\u00e9xico rojo y su problem\u00e1tica social, pol\u00edtica, c\u00edvica, de g\u00e9nero y patriarcal. Somos tercer mundistas por c\u00f3mo pensamos y actuamos. La educaci\u00f3n en M\u00e9xico es deplorable y su atraso es doloroso: cada vez peor. Demanda de quienes nos demandan un conocimiento que nos de motivos para continuar viviendo. Darle sentido, motivar al alumno, es una de las tareas del docente y, sin embargo, parece que el docente hoy d\u00eda tiene la misi\u00f3n de desanimar y ponerle la bota en la cara al adolescente.<\/span><\/span><\/p><p><span style=\"font-family: Helvetica, sans-serif;\"><span style=\"font-size: medium;\">Reparto<\/span><\/span><\/p><p><span style=\"font-family: Helvetica, sans-serif;\"><span style=\"font-size: medium;\"><b>Melina Yissel Rom\u00e1n Contreras <\/b><\/span><\/span><\/p><p><span style=\"font-family: Helvetica, sans-serif;\"><span style=\"font-size: medium;\"><b>Andre Rodr\u00edguez Montes de Oca <\/b><\/span><\/span><\/p><p><span style=\"font-family: Helvetica, sans-serif;\"><span style=\"font-size: medium;\"><b>Diego Mauricio Heras Morales<\/b><\/span><\/span><\/p><p><span style=\"font-family: Helvetica, sans-serif;\"><span style=\"font-size: medium;\"><b>Alejandra Margarita Reyes Garc\u00eda<\/b><\/span><\/span><\/p><p><span style=\"font-family: Helvetica, sans-serif;\"><span style=\"font-size: medium;\">Equipo creativo<\/span><\/span><\/p><p><span style=\"font-family: Helvetica, sans-serif;\"><span style=\"font-size: medium;\">Escenograf\u00eda, iluminaci\u00f3n, dise\u00f1o sonoro: <\/span><span style=\"font-size: medium;\"><b>Taller de Teatro de Emergencia<\/b><\/span><\/span><\/p><p><span style=\"font-family: Helvetica, sans-serif;\"><span style=\"font-size: medium;\">Asistente de direcci\u00f3n: <\/span><span style=\"font-size: medium;\"><b>Osmar Covarrubias Oropeza<\/b><\/span><\/span><\/p><p><span style=\"font-family: Helvetica, sans-serif;\"><span style=\"font-size: medium;\">_________________________________<\/span><\/span><\/p><p><strong>Categor\u00eda A<\/strong>. Nivel Bachillerato<\/p><h5><span style=\"font-family: Helvetica, sans-serif;\"><span style=\"font-size: medium;\"><b>El cielo en la piel <\/b><\/span><\/span><\/h5><p><span style=\"font-family: Helvetica, sans-serif;\"><span style=\"font-size: medium;\">De:<\/span><span style=\"font-size: medium;\"><b> Edgar Ch\u00edas<\/b><\/span><\/span><\/p><p><span style=\"font-family: Helvetica, sans-serif;\"><span style=\"font-size: medium;\">Adaptaci\u00f3n y direcci\u00f3n: <\/span><span style=\"font-size: medium;\"><b>Guillermo Navarro Fern\u00e1ndez<\/b><\/span><\/span><\/p><p><span style=\"font-family: Helvetica, sans-serif;\"><span style=\"font-size: medium;\">Grupo: <\/span><span style=\"font-size: medium;\"><b>Teatro de Emergencia<\/b><\/span><\/span><\/p><p><span style=\"font-family: Helvetica, sans-serif;\"><span style=\"font-size: medium;\"><strong>Colegio de Bachilleres Plantel 4, Culhuac\u00e1n \u201cL\u00e1zaro C\u00e1rdenas\u201d<\/strong> | CDMX <br \/><\/span><\/span><\/p><p><span style=\"font-family: Helvetica, sans-serif;\"><span style=\"font-size: medium;\"><b>Domingo 9<\/b><\/span><span style=\"font-size: medium;\"> | 12 h<\/span><\/span><\/p><p><span style=\"font-family: Helvetica, sans-serif;\"><span style=\"font-size: medium;\"><b>Foro Sor Juana In\u00e9s de la Cruz<\/b><\/span><\/span><\/p><p><span style=\"font-family: Helvetica, sans-serif;\"><span style=\"font-size: medium;\">Centro Cultural Universitario, Insurgentes sur 3000<\/span><\/span><\/p><p><span style=\"font-family: Helvetica, sans-serif;\"><span style=\"font-size: medium;\">Duraci\u00f3n: <\/span><span style=\"font-size: medium;\"><b>70 min.<\/b><\/span><\/span><\/p><\/div>\n\t\t\t\t<\/div>\n\t\t\t\t<\/div>\n\t\t\t\t\t\t<\/div>\n\t\t\t\t\t<\/div>\n\t\t<\/div>\n\t\t\t\t\t\t\t\t<\/div>\n\t\t\t\t\t<\/div>\n\t\t<\/section>\n\t\t\t\t<section class=\"elementor-section elementor-top-section elementor-element elementor-element-08b0dc0 elementor-section-boxed elementor-section-height-default elementor-section-height-default\" data-id=\"08b0dc0\" data-element_type=\"section\">\n\t\t\t\t\t\t<div class=\"elementor-container elementor-column-gap-default\">\n\t\t\t\t\t\t\t<div class=\"elementor-row\">\n\t\t\t\t\t<div class=\"elementor-column elementor-col-100 elementor-top-column elementor-element elementor-element-38eb0f9\" data-id=\"38eb0f9\" data-element_type=\"column\">\n\t\t\t<div class=\"elementor-column-wrap elementor-element-populated\">\n\t\t\t\t\t\t\t<div class=\"elementor-widget-wrap\">\n\t\t\t\t\t\t<div class=\"elementor-element elementor-element-330c525 elementor-widget-divider--view-line elementor-widget elementor-widget-divider\" data-id=\"330c525\" data-element_type=\"widget\" data-widget_type=\"divider.default\">\n\t\t\t\t<div class=\"elementor-widget-container\">\n\t\t\t\t\t<div class=\"elementor-divider\">\n\t\t\t<span class=\"elementor-divider-separator\">\n\t\t\t\t\t\t<\/span>\n\t\t<\/div>\n\t\t\t\t<\/div>\n\t\t\t\t<\/div>\n\t\t\t\t\t\t<\/div>\n\t\t\t\t\t<\/div>\n\t\t<\/div>\n\t\t\t\t\t\t\t\t<\/div>\n\t\t\t\t\t<\/div>\n\t\t<\/section>\n\t\t\t\t<section class=\"elementor-section elementor-top-section elementor-element elementor-element-3d937c9 elementor-section-boxed elementor-section-height-default elementor-section-height-default\" data-id=\"3d937c9\" data-element_type=\"section\">\n\t\t\t\t\t\t<div class=\"elementor-container elementor-column-gap-default\">\n\t\t\t\t\t\t\t<div class=\"elementor-row\">\n\t\t\t\t\t<div class=\"elementor-column elementor-col-100 elementor-top-column elementor-element elementor-element-1030230\" data-id=\"1030230\" data-element_type=\"column\">\n\t\t\t<div class=\"elementor-column-wrap elementor-element-populated\">\n\t\t\t\t\t\t\t<div class=\"elementor-widget-wrap\">\n\t\t\t\t\t\t<div class=\"elementor-element elementor-element-6350dce elementor-widget elementor-widget-heading\" data-id=\"6350dce\" data-element_type=\"widget\" data-widget_type=\"heading.default\">\n\t\t\t\t<div class=\"elementor-widget-container\">\n\t\t\t<h2 class=\"elementor-heading-title elementor-size-default\">Obras de la categor\u00eda A Nivel bachillerato<\/h2>\t\t<\/div>\n\t\t\t\t<\/div>\n\t\t\t\t\t\t<\/div>\n\t\t\t\t\t<\/div>\n\t\t<\/div>\n\t\t\t\t\t\t\t\t<\/div>\n\t\t\t\t\t<\/div>\n\t\t<\/section>\n\t\t\t\t<section class=\"elementor-section elementor-top-section elementor-element elementor-element-4188769 elementor-section-boxed elementor-section-height-default elementor-section-height-default\" data-id=\"4188769\" data-element_type=\"section\">\n\t\t\t\t\t\t<div class=\"elementor-container elementor-column-gap-default\">\n\t\t\t\t\t\t\t<div class=\"elementor-row\">\n\t\t\t\t\t<div class=\"elementor-column elementor-col-100 elementor-top-column elementor-element elementor-element-84e1b8d\" data-id=\"84e1b8d\" data-element_type=\"column\">\n\t\t\t<div class=\"elementor-column-wrap elementor-element-populated\">\n\t\t\t\t\t\t\t<div class=\"elementor-widget-wrap\">\n\t\t\t\t\t\t<div class=\"elementor-element elementor-element-1197327 elementor-grid-eael-col-2 elementor-grid-tablet-eael-col-2 elementor-grid-mobile-eael-col-1 elementor-widget elementor-widget-eael-post-grid\" data-id=\"1197327\" data-element_type=\"widget\" data-settings=\"{&quot;eael_post_grid_columns&quot;:&quot;eael-col-2&quot;,&quot;eael_post_grid_columns_tablet&quot;:&quot;eael-col-2&quot;,&quot;eael_post_grid_columns_mobile&quot;:&quot;eael-col-1&quot;}\" data-widget_type=\"eael-post-grid.default\">\n\t\t\t\t<div class=\"elementor-widget-container\">\n\t\t\t<div id=\"eael-post-grid-1197327\" class=\"eael-post-grid-container\">\n            <div class=\"eael-post-grid eael-post-appender eael-post-appender-1197327 eael-post-grid-style-default\" data-layout-mode=\"masonry\"><article class=\"eael-grid-post eael-post-grid-column\" data-id=\"672\">\n        <div class=\"eael-grid-post-holder\">\n            <div class=\"eael-grid-post-holder-inner\"><div class=\"eael-entry-media\"><div class=\"eael-entry-overlay fade-in\"><i class=\"fas fa-long-arrow-alt-right\" aria-hidden=\"true\"><\/i><a\n                            href=\"http:\/\/teatrounam.com.mx\/fitu27\/conejo-401\/\"\n                            \n                            \n                        ><\/a><\/div><div class=\"eael-entry-thumbnail\">\n                                <img src=\"http:\/\/teatrounam.com.mx\/fitu27\/wp-content\/uploads\/2020\/01\/conejo-1.png\" alt=\"\">\n                            <\/div><\/div><div class=\"eael-entry-wrapper\"><header class=\"eael-entry-header\"><h2 class=\"eael-entry-title\"><a\n                        class=\"eael-grid-post-link\"\n                        href=\"http:\/\/teatrounam.com.mx\/fitu27\/conejo-401\/\"\n                        title=\"Conejo 401\"\n                        \n                        \n                        >Conejo 401<\/a><\/h2><\/header><div class=\"eael-entry-content\">\n                        <div class=\"eael-grid-post-excerpt\"><p>De: Guillermo Le\u00f3n. Direcci\u00f3n: Darling Wendolin Hern\u00e1ndez Lucas. Un extranjero, el hombre contempor\u00e1neo ahogado en la civilizaci\u00f3n, intenta escapar de s\u00ed mismo: viaja a M\u00e9xico en busca de la paz,...<\/p><a\n                            href=\"http:\/\/teatrounam.com.mx\/fitu27\/conejo-401\/\"\n                            class=\"eael-post-elements-readmore-btn\"\n                            \n                            \n                            >Leer m\u00e1s<\/a><\/div>\n                    <\/div><\/div><\/div>\n        <\/div>\n    <\/article><article class=\"eael-grid-post eael-post-grid-column\" data-id=\"668\">\n        <div class=\"eael-grid-post-holder\">\n            <div class=\"eael-grid-post-holder-inner\"><div class=\"eael-entry-media\"><div class=\"eael-entry-overlay fade-in\"><i class=\"fas fa-long-arrow-alt-right\" aria-hidden=\"true\"><\/i><a\n                            href=\"http:\/\/teatrounam.com.mx\/fitu27\/mujeres-de-arena\/\"\n                            \n                            \n                        ><\/a><\/div><div class=\"eael-entry-thumbnail\">\n                                <img src=\"http:\/\/teatrounam.com.mx\/fitu27\/wp-content\/uploads\/2020\/01\/Mujeres-de-arena-1.png\" alt=\"\">\n                            <\/div><\/div><div class=\"eael-entry-wrapper\"><header class=\"eael-entry-header\"><h2 class=\"eael-entry-title\"><a\n                        class=\"eael-grid-post-link\"\n                        href=\"http:\/\/teatrounam.com.mx\/fitu27\/mujeres-de-arena\/\"\n                        title=\"Mujeres de arena\"\n                        \n                        \n                        >Mujeres de arena<\/a><\/h2><\/header><div class=\"eael-entry-content\">\n                        <div class=\"eael-grid-post-excerpt\"><p>De: Humberto Robles. Adaptaci\u00f3n y direcci\u00f3n: Diego Argenis M\u00e9ndez Caballero Ciudad Ju\u00e1rez, Chihuahua, fue noticia nacional en la d\u00e9cada de los noventa con la desaparici\u00f3n de mujeres cuyos cuerpos fueron...<\/p><a\n                            href=\"http:\/\/teatrounam.com.mx\/fitu27\/mujeres-de-arena\/\"\n                            class=\"eael-post-elements-readmore-btn\"\n                            \n                            \n                            >Leer m\u00e1s<\/a><\/div>\n                    <\/div><\/div><\/div>\n        <\/div>\n    <\/article><article class=\"eael-grid-post eael-post-grid-column\" data-id=\"663\">\n        <div class=\"eael-grid-post-holder\">\n            <div class=\"eael-grid-post-holder-inner\"><div class=\"eael-entry-media\"><div class=\"eael-entry-overlay fade-in\"><i class=\"fas fa-long-arrow-alt-right\" aria-hidden=\"true\"><\/i><a\n                            href=\"http:\/\/teatrounam.com.mx\/fitu27\/el-cielo-en-la-piel\/\"\n                            \n                            \n                        ><\/a><\/div><div class=\"eael-entry-thumbnail\">\n                                <img src=\"http:\/\/teatrounam.com.mx\/fitu27\/wp-content\/uploads\/2020\/01\/el-cielo-en-la-1.png\" alt=\"\">\n                            <\/div><\/div><div class=\"eael-entry-wrapper\"><header class=\"eael-entry-header\"><h2 class=\"eael-entry-title\"><a\n                        class=\"eael-grid-post-link\"\n                        href=\"http:\/\/teatrounam.com.mx\/fitu27\/el-cielo-en-la-piel\/\"\n                        title=\"El cielo en la piel\"\n                        \n                        \n                        >El cielo en la piel<\/a><\/h2><\/header><div class=\"eael-entry-content\">\n                        <div class=\"eael-grid-post-excerpt\"><p>De: Edgar Ch\u00edas. Adaptaci\u00f3n y direcci\u00f3n: Guillermo Navarro Fern\u00e1ndez Cuadros de reflexi\u00f3n sobre este M\u00e9xico rojo y su problem\u00e1tica social, pol\u00edtica, c\u00edvica, de g\u00e9nero y patriarcal. Somos tercer mundistas por...<\/p><a\n                            href=\"http:\/\/teatrounam.com.mx\/fitu27\/el-cielo-en-la-piel\/\"\n                            class=\"eael-post-elements-readmore-btn\"\n                            \n                            \n                            >Leer m\u00e1s<\/a><\/div>\n                    <\/div><\/div><\/div>\n        <\/div>\n    <\/article><article class=\"eael-grid-post eael-post-grid-column\" data-id=\"431\">\n        <div class=\"eael-grid-post-holder\">\n            <div class=\"eael-grid-post-holder-inner\"><div class=\"eael-entry-media\"><div class=\"eael-entry-overlay fade-in\"><i class=\"fas fa-long-arrow-alt-right\" aria-hidden=\"true\"><\/i><a\n                            href=\"http:\/\/teatrounam.com.mx\/fitu27\/esta-noche-juntos-amandonos-tanto\/\"\n                            \n                            \n                        ><\/a><\/div><div class=\"eael-entry-thumbnail\">\n                                <img src=\"http:\/\/teatrounam.com.mx\/fitu27\/wp-content\/uploads\/2020\/01\/Esta-noche-juntos4.jpg\" alt=\"\">\n                            <\/div><\/div><div class=\"eael-entry-wrapper\"><header class=\"eael-entry-header\"><h2 class=\"eael-entry-title\"><a\n                        class=\"eael-grid-post-link\"\n                        href=\"http:\/\/teatrounam.com.mx\/fitu27\/esta-noche-juntos-amandonos-tanto\/\"\n                        title=\"Esta noche juntos am\u00e1ndonos tanto\"\n                        \n                        \n                        >Esta noche juntos am\u00e1ndonos tanto<\/a><\/h2><\/header><div class=\"eael-entry-content\">\n                        <div class=\"eael-grid-post-excerpt\"><p>De: Maruxa Vilalta. Adaptaci\u00f3n y direcci\u00f3n: Luz J\u00e9ssica Cort\u00e9s Aguilar \u00c9l y Ella han decidido aislarse por completo del mundo, viven lapidados en un mundo de pesadilla, protegidos de todo...<\/p><a\n                            href=\"http:\/\/teatrounam.com.mx\/fitu27\/esta-noche-juntos-amandonos-tanto\/\"\n                            class=\"eael-post-elements-readmore-btn\"\n                            \n                            \n                            >Leer m\u00e1s<\/a><\/div>\n                    <\/div><\/div><\/div>\n        <\/div>\n    <\/article><\/div>\n            <div class=\"clearfix\"><\/div>\n        <\/div>\t\t<\/div>\n\t\t\t\t<\/div>\n\t\t\t\t\t\t<\/div>\n\t\t\t\t\t<\/div>\n\t\t<\/div>\n\t\t\t\t\t\t\t\t<\/div>\n\t\t\t\t\t<\/div>\n\t\t<\/section>\n\t\t\t\t\t\t<\/div>\n\t\t\t\t\t\t<\/div>\n\t\t\t\t\t<\/div>\n\t\t","protected":false},"excerpt":{"rendered":"<p>De: Edgar Ch\u00edas. Adaptaci\u00f3n y direcci\u00f3n: Guillermo Navarro Fern\u00e1ndez Cuadros de reflexi\u00f3n sobre este M\u00e9xico rojo y su problem\u00e1tica social, pol\u00edtica, c\u00edvica, de g\u00e9nero y patriarcal. Somos tercer mundistas por &hellip; <\/p>\n","protected":false},"author":1,"featured_media":834,"comment_status":"closed","ping_status":"closed","sticky":false,"template":"","format":"standard","meta":{"spay_email":""},"categories":[30,31,18],"tags":[],"yoast_head":"<!-- This site is optimized with the Yoast SEO plugin v16.1.1 - https:\/\/yoast.com\/wordpress\/plugins\/seo\/ -->\n<title>El cielo en la piel - 27 Festival Internacional de Teatro Universitario<\/title>\n<meta property=\"og:locale\" content=\"es_MX\" \/>\n<meta property=\"og:type\" content=\"article\" \/>\n<meta property=\"og:title\" content=\"El cielo en la piel - 27 Festival Internacional de Teatro Universitario\" \/>\n<meta property=\"og:description\" content=\"De: Edgar Ch\u00edas. Adaptaci\u00f3n y direcci\u00f3n: Guillermo Navarro Fern\u00e1ndez Cuadros de reflexi\u00f3n sobre este M\u00e9xico rojo y su problem\u00e1tica social, pol\u00edtica, c\u00edvica, de g\u00e9nero y patriarcal. Somos tercer mundistas por &hellip;\" \/>\n<meta property=\"og:url\" content=\"http:\/\/teatrounam.com.mx\/fitu27\/el-cielo-en-la-piel\/\" \/>\n<meta property=\"og:site_name\" content=\"27 Festival Internacional de Teatro Universitario\" \/>\n<meta property=\"article:published_time\" content=\"2020-01-29T01:12:04+00:00\" \/>\n<meta property=\"article:modified_time\" content=\"2020-02-05T01:47:38+00:00\" \/>\n<meta property=\"og:image\" content=\"http:\/\/teatrounam.com.mx\/fitu27\/wp-content\/uploads\/2020\/01\/el-cielo-en-la-1.png\" \/>\n\t<meta property=\"og:image:width\" content=\"1027\" \/>\n\t<meta property=\"og:image:height\" content=\"600\" \/>\n<meta name=\"twitter:card\" content=\"summary_large_image\" \/>\n<meta name=\"twitter:label1\" content=\"Tiempo de lectura\">\n\t<meta name=\"twitter:data1\" content=\"1 minuto\">\n<script type=\"application\/ld+json\" class=\"yoast-schema-graph\">{\"@context\":\"https:\/\/schema.org\",\"@graph\":[{\"@type\":\"WebSite\",\"@id\":\"https:\/\/teatrounam.com.mx\/fitu27\/#website\",\"url\":\"https:\/\/teatrounam.com.mx\/fitu27\/\",\"name\":\"27 Festival Internacional de Teatro Universitario\",\"description\":\"Del 7 al 16 de febrero 2020\",\"potentialAction\":[{\"@type\":\"SearchAction\",\"target\":\"https:\/\/teatrounam.com.mx\/fitu27\/?s={search_term_string}\",\"query-input\":\"required name=search_term_string\"}],\"inLanguage\":\"es-MX\"},{\"@type\":\"ImageObject\",\"@id\":\"http:\/\/teatrounam.com.mx\/fitu27\/el-cielo-en-la-piel\/#primaryimage\",\"inLanguage\":\"es-MX\",\"url\":\"http:\/\/teatrounam.com.mx\/fitu27\/wp-content\/uploads\/2020\/01\/el-cielo-en-la-1.png\",\"contentUrl\":\"http:\/\/teatrounam.com.mx\/fitu27\/wp-content\/uploads\/2020\/01\/el-cielo-en-la-1.png\",\"width\":1027,\"height\":600},{\"@type\":\"WebPage\",\"@id\":\"http:\/\/teatrounam.com.mx\/fitu27\/el-cielo-en-la-piel\/#webpage\",\"url\":\"http:\/\/teatrounam.com.mx\/fitu27\/el-cielo-en-la-piel\/\",\"name\":\"El cielo en la piel - 27 Festival Internacional de Teatro Universitario\",\"isPartOf\":{\"@id\":\"https:\/\/teatrounam.com.mx\/fitu27\/#website\"},\"primaryImageOfPage\":{\"@id\":\"http:\/\/teatrounam.com.mx\/fitu27\/el-cielo-en-la-piel\/#primaryimage\"},\"datePublished\":\"2020-01-29T01:12:04+00:00\",\"dateModified\":\"2020-02-05T01:47:38+00:00\",\"author\":{\"@id\":\"https:\/\/teatrounam.com.mx\/fitu27\/#\/schema\/person\/ccd91f4c6635e14b9d994ede00b28e62\"},\"breadcrumb\":{\"@id\":\"http:\/\/teatrounam.com.mx\/fitu27\/el-cielo-en-la-piel\/#breadcrumb\"},\"inLanguage\":\"es-MX\",\"potentialAction\":[{\"@type\":\"ReadAction\",\"target\":[\"http:\/\/teatrounam.com.mx\/fitu27\/el-cielo-en-la-piel\/\"]}]},{\"@type\":\"BreadcrumbList\",\"@id\":\"http:\/\/teatrounam.com.mx\/fitu27\/el-cielo-en-la-piel\/#breadcrumb\",\"itemListElement\":[{\"@type\":\"ListItem\",\"position\":1,\"item\":{\"@type\":\"WebPage\",\"@id\":\"http:\/\/teatrounam.com.mx\/fitu27\/\",\"url\":\"http:\/\/teatrounam.com.mx\/fitu27\/\",\"name\":\"Home\"}},{\"@type\":\"ListItem\",\"position\":2,\"item\":{\"@type\":\"WebPage\",\"@id\":\"http:\/\/teatrounam.com.mx\/fitu27\/el-cielo-en-la-piel\/\",\"url\":\"http:\/\/teatrounam.com.mx\/fitu27\/el-cielo-en-la-piel\/\",\"name\":\"El cielo en la piel\"}}]},{\"@type\":\"Person\",\"@id\":\"https:\/\/teatrounam.com.mx\/fitu27\/#\/schema\/person\/ccd91f4c6635e14b9d994ede00b28e62\",\"name\":\"teatrounam\",\"image\":{\"@type\":\"ImageObject\",\"@id\":\"https:\/\/teatrounam.com.mx\/fitu27\/#personlogo\",\"inLanguage\":\"es-MX\",\"url\":\"http:\/\/2.gravatar.com\/avatar\/e4432af7cb563867882da40c01d190bc?s=96&d=mm&r=g\",\"contentUrl\":\"http:\/\/2.gravatar.com\/avatar\/e4432af7cb563867882da40c01d190bc?s=96&d=mm&r=g\",\"caption\":\"teatrounam\"}}]}<\/script>\n<!-- \/ Yoast SEO plugin. -->","jetpack_featured_media_url":"http:\/\/teatrounam.com.mx\/fitu27\/wp-content\/uploads\/2020\/01\/el-cielo-en-la-1.png","_links":{"self":[{"href":"http:\/\/teatrounam.com.mx\/fitu27\/wp-json\/wp\/v2\/posts\/663"}],"collection":[{"href":"http:\/\/teatrounam.com.mx\/fitu27\/wp-json\/wp\/v2\/posts"}],"about":[{"href":"http:\/\/teatrounam.com.mx\/fitu27\/wp-json\/wp\/v2\/types\/post"}],"author":[{"embeddable":true,"href":"http:\/\/teatrounam.com.mx\/fitu27\/wp-json\/wp\/v2\/users\/1"}],"replies":[{"embeddable":true,"href":"http:\/\/teatrounam.com.mx\/fitu27\/wp-json\/wp\/v2\/comments?post=663"}],"version-history":[{"count":8,"href":"http:\/\/teatrounam.com.mx\/fitu27\/wp-json\/wp\/v2\/posts\/663\/revisions"}],"predecessor-version":[{"id":1809,"href":"http:\/\/teatrounam.com.mx\/fitu27\/wp-json\/wp\/v2\/posts\/663\/revisions\/1809"}],"wp:featuredmedia":[{"embeddable":true,"href":"http:\/\/teatrounam.com.mx\/fitu27\/wp-json\/wp\/v2\/media\/834"}],"wp:attachment":[{"href":"http:\/\/teatrounam.com.mx\/fitu27\/wp-json\/wp\/v2\/media?parent=663"}],"wp:term":[{"taxonomy":"category","embeddable":true,"href":"http:\/\/teatrounam.com.mx\/fitu27\/wp-json\/wp\/v2\/categories?post=663"},{"taxonomy":"post_tag","embeddable":true,"href":"http:\/\/teatrounam.com.mx\/fitu27\/wp-json\/wp\/v2\/tags?post=663"}],"curies":[{"name":"wp","href":"https:\/\/api.w.org\/{rel}","templated":true}]}}