{"id":631,"date":"2020-01-28T20:46:21","date_gmt":"2020-01-28T20:46:21","guid":{"rendered":"http:\/\/teatrounam.com.mx\/fitu29\/?p=631"},"modified":"2020-02-12T20:37:32","modified_gmt":"2020-02-12T20:37:32","slug":"crear-en-compania","status":"publish","type":"post","link":"http:\/\/teatrounam.com.mx\/fitu27\/crear-en-compania\/","title":{"rendered":"Crear en compa\u00f1\u00eda"},"content":{"rendered":"\t\t<div data-elementor-type=\"wp-post\" data-elementor-id=\"631\" class=\"elementor elementor-631\" data-elementor-settings=\"[]\">\n\t\t\t\t\t\t<div class=\"elementor-inner\">\n\t\t\t\t\t\t\t<div class=\"elementor-section-wrap\">\n\t\t\t\t\t\t\t<section class=\"elementor-section elementor-top-section elementor-element elementor-element-6b8b0de elementor-section-boxed elementor-section-height-default elementor-section-height-default\" data-id=\"6b8b0de\" data-element_type=\"section\">\n\t\t\t\t\t\t<div class=\"elementor-container elementor-column-gap-default\">\n\t\t\t\t\t\t\t<div class=\"elementor-row\">\n\t\t\t\t\t<div class=\"elementor-column elementor-col-100 elementor-top-column elementor-element elementor-element-bd4750d\" data-id=\"bd4750d\" data-element_type=\"column\">\n\t\t\t<div class=\"elementor-column-wrap elementor-element-populated\">\n\t\t\t\t\t\t\t<div class=\"elementor-widget-wrap\">\n\t\t\t\t\t\t<div class=\"elementor-element elementor-element-57dad49 elementor-widget elementor-widget-text-editor\" data-id=\"57dad49\" data-element_type=\"widget\" data-widget_type=\"text-editor.default\">\n\t\t\t\t<div class=\"elementor-widget-container\">\n\t\t\t\t\t<div class=\"elementor-text-editor elementor-clearfix\"><p><a href=\"http:\/\/teatrounam.com.mx\/fitu29\/trabajo-en-grupos-y-companias\/\"><img loading=\"lazy\" class=\"alignnone size-medium wp-image-469\" src=\"http:\/\/teatrounam.com.mx\/fitu29\/wp-content\/uploads\/2020\/01\/comp-sol.jpg\" alt=\"\" width=\"25\" height=\"25\" \/><\/a> <a href=\"http:\/\/teatrounam.com.mx\/fitu29\/plataforma-de-profesionalizacion\/\"><img loading=\"lazy\" class=\"alignnone size-medium wp-image-474\" src=\"http:\/\/teatrounam.com.mx\/fitu29\/wp-content\/uploads\/2020\/01\/prof-cal.jpg\" alt=\"\" width=\"25\" height=\"25\" \/><\/a><\/p><\/div>\n\t\t\t\t<\/div>\n\t\t\t\t<\/div>\n\t\t\t\t<div class=\"elementor-element elementor-element-2bf15c7 elementor-widget elementor-widget-text-editor\" data-id=\"2bf15c7\" data-element_type=\"widget\" data-widget_type=\"text-editor.default\">\n\t\t\t\t<div class=\"elementor-widget-container\">\n\t\t\t\t\t<div class=\"elementor-text-editor elementor-clearfix\"><p><b>Crear en compa\u00f1\u00eda. <\/b>Teatro Petra con Jorge Dubatti<\/p><p><span style=\"font-family: Helvetica, sans-serif;\"><span style=\"font-size: medium;\">Hay que enfrentar la realidad. La poes\u00eda, el humor y la libertad han sido las principales herramientas de Teatro Petra para embestirla. Durante tres d\u00e9cadas de trabajo han ofrecido obras con tantos matices como la vida que cuestionan. Para esta compa\u00f1\u00eda, fundamental del teatro contempor\u00e1neo en Am\u00e9rica Latina, la ficci\u00f3n es un instrumento de honestidad. Petra comparte preguntas sin el \u00e1nimo de responderlas, las pone sobre la mesa y las amasa para detonar posibilidades.<\/span><\/span><\/p><p>________________<\/p><p>Conferencia<\/p><p><span style=\"font-family: Helvetica, sans-serif;\"><span style=\"font-size: medium;\"><b>Crear en compa\u00f1\u00eda.<\/b><\/span><\/span><\/p><p><span style=\"font-family: Helvetica, sans-serif;\"><span style=\"font-size: medium;\"><b> <\/b>Teatro Petra con Jorge Dubatti<\/span><\/span><\/p><p><span style=\"font-family: Helvetica, sans-serif;\"><span style=\"font-size: medium;\">Teatro Petra | Colombia<br \/><\/span><\/span><\/p><p>Jorge Dubatti | Argentina<\/p><p><span style=\"font-family: Helvetica, sans-serif;\"><span style=\"font-size: medium;\"><strong>S\u00e1bado 15<\/strong> | 12 h<\/span><\/span><\/p><p><strong><span style=\"font-family: Helvetica, sans-serif;\"><span style=\"font-size: medium;\">Auditorio del MUAC<\/span><\/span><\/strong><\/p><p>Centro Cultural Universitario<\/p><p><strong><span style=\"font-family: Helvetica, sans-serif;\"><span style=\"font-size: medium;\">Cupo limitado<\/span><\/span><\/strong><\/p><p><span style=\"font-family: Helvetica, sans-serif;\"><span style=\"font-size: medium;\">\u00a0<\/span><\/span><\/p><p>\u00a0<\/p><\/div>\n\t\t\t\t<\/div>\n\t\t\t\t<\/div>\n\t\t\t\t\t\t<\/div>\n\t\t\t\t\t<\/div>\n\t\t<\/div>\n\t\t\t\t\t\t\t\t<\/div>\n\t\t\t\t\t<\/div>\n\t\t<\/section>\n\t\t\t\t<section class=\"elementor-section elementor-top-section elementor-element elementor-element-08b0dc0 elementor-section-boxed elementor-section-height-default elementor-section-height-default\" data-id=\"08b0dc0\" data-element_type=\"section\">\n\t\t\t\t\t\t<div class=\"elementor-container elementor-column-gap-default\">\n\t\t\t\t\t\t\t<div class=\"elementor-row\">\n\t\t\t\t\t<div class=\"elementor-column elementor-col-100 elementor-top-column elementor-element elementor-element-38eb0f9\" data-id=\"38eb0f9\" data-element_type=\"column\">\n\t\t\t<div class=\"elementor-column-wrap elementor-element-populated\">\n\t\t\t\t\t\t\t<div class=\"elementor-widget-wrap\">\n\t\t\t\t\t\t<div class=\"elementor-element elementor-element-330c525 elementor-widget-divider--view-line elementor-widget elementor-widget-divider\" data-id=\"330c525\" data-element_type=\"widget\" data-widget_type=\"divider.default\">\n\t\t\t\t<div class=\"elementor-widget-container\">\n\t\t\t\t\t<div class=\"elementor-divider\">\n\t\t\t<span class=\"elementor-divider-separator\">\n\t\t\t\t\t\t<\/span>\n\t\t<\/div>\n\t\t\t\t<\/div>\n\t\t\t\t<\/div>\n\t\t\t\t\t\t<\/div>\n\t\t\t\t\t<\/div>\n\t\t<\/div>\n\t\t\t\t\t\t\t\t<\/div>\n\t\t\t\t\t<\/div>\n\t\t<\/section>\n\t\t\t\t<section class=\"elementor-section elementor-top-section elementor-element elementor-element-3d937c9 elementor-section-boxed elementor-section-height-default elementor-section-height-default\" data-id=\"3d937c9\" data-element_type=\"section\">\n\t\t\t\t\t\t<div class=\"elementor-container elementor-column-gap-default\">\n\t\t\t\t\t\t\t<div class=\"elementor-row\">\n\t\t\t\t\t<div class=\"elementor-column elementor-col-100 elementor-top-column elementor-element elementor-element-1030230\" data-id=\"1030230\" data-element_type=\"column\">\n\t\t\t<div class=\"elementor-column-wrap elementor-element-populated\">\n\t\t\t\t\t\t\t<div class=\"elementor-widget-wrap\">\n\t\t\t\t\t\t<div class=\"elementor-element elementor-element-6350dce elementor-widget elementor-widget-heading\" data-id=\"6350dce\" data-element_type=\"widget\" data-widget_type=\"heading.default\">\n\t\t\t\t<div class=\"elementor-widget-container\">\n\t\t\t<h2 class=\"elementor-heading-title elementor-size-default\">M\u00e1s talleres<\/h2>\t\t<\/div>\n\t\t\t\t<\/div>\n\t\t\t\t\t\t<\/div>\n\t\t\t\t\t<\/div>\n\t\t<\/div>\n\t\t\t\t\t\t\t\t<\/div>\n\t\t\t\t\t<\/div>\n\t\t<\/section>\n\t\t\t\t<section class=\"elementor-section elementor-top-section elementor-element elementor-element-4188769 elementor-section-boxed elementor-section-height-default elementor-section-height-default\" data-id=\"4188769\" data-element_type=\"section\">\n\t\t\t\t\t\t<div class=\"elementor-container elementor-column-gap-default\">\n\t\t\t\t\t\t\t<div class=\"elementor-row\">\n\t\t\t\t\t<div class=\"elementor-column elementor-col-100 elementor-top-column elementor-element elementor-element-84e1b8d\" data-id=\"84e1b8d\" data-element_type=\"column\">\n\t\t\t<div class=\"elementor-column-wrap elementor-element-populated\">\n\t\t\t\t\t\t\t<div class=\"elementor-widget-wrap\">\n\t\t\t\t\t\t<div class=\"elementor-element elementor-element-1197327 elementor-grid-eael-col-3 elementor-grid-tablet-eael-col-2 elementor-grid-mobile-eael-col-1 elementor-widget elementor-widget-eael-post-grid\" data-id=\"1197327\" data-element_type=\"widget\" data-settings=\"{&quot;eael_post_grid_columns&quot;:&quot;eael-col-3&quot;,&quot;eael_post_grid_columns_tablet&quot;:&quot;eael-col-2&quot;,&quot;eael_post_grid_columns_mobile&quot;:&quot;eael-col-1&quot;}\" data-widget_type=\"eael-post-grid.default\">\n\t\t\t\t<div class=\"elementor-widget-container\">\n\t\t\t<div id=\"eael-post-grid-1197327\" class=\"eael-post-grid-container\">\n            <div class=\"eael-post-grid eael-post-appender eael-post-appender-1197327 eael-post-grid-style-default\" data-layout-mode=\"masonry\"><article class=\"eael-grid-post eael-post-grid-column\" data-id=\"301\">\n        <div class=\"eael-grid-post-holder\">\n            <div class=\"eael-grid-post-holder-inner\"><div class=\"eael-entry-media\"><div class=\"eael-entry-overlay fade-in\"><i class=\"fas fa-long-arrow-alt-right\" aria-hidden=\"true\"><\/i><a\n                            href=\"http:\/\/teatrounam.com.mx\/fitu27\/taller-salvaje\/\"\n                            \n                            \n                        ><\/a><\/div><div class=\"eael-entry-thumbnail\">\n                                <img src=\"http:\/\/teatrounam.com.mx\/fitu27\/wp-content\/uploads\/2020\/01\/ligachico-300x128.jpg\" alt=\"\">\n                            <\/div><\/div><div class=\"eael-entry-wrapper\"><header class=\"eael-entry-header\"><h2 class=\"eael-entry-title\"><a\n                        class=\"eael-grid-post-link\"\n                        href=\"http:\/\/teatrounam.com.mx\/fitu27\/taller-salvaje\/\"\n                        title=\"Taller salvaje\"\n                        \n                        \n                        >Taller salvaje<\/a><\/h2><\/header><div class=\"eael-entry-content\">\n                        <div class=\"eael-grid-post-excerpt\"><p>CDMX| La Liga Teatro El\u00e1stico. Taller impartido por Jacqueline Seraf\u00edn,&nbsp;Iker Vicente y Humberto Galicia, integrantes de La Liga Teatro El\u00e1stico. En este espacio de juego desde el arte, los ni\u00f1os...<\/p><a\n                            href=\"http:\/\/teatrounam.com.mx\/fitu27\/taller-salvaje\/\"\n                            class=\"eael-post-elements-readmore-btn\"\n                            \n                            \n                            >Leer m\u00e1s<\/a><\/div>\n                    <\/div><\/div><\/div>\n        <\/div>\n    <\/article><article class=\"eael-grid-post eael-post-grid-column\" data-id=\"297\">\n        <div class=\"eael-grid-post-holder\">\n            <div class=\"eael-grid-post-holder-inner\"><div class=\"eael-entry-media\"><div class=\"eael-entry-overlay fade-in\"><i class=\"fas fa-long-arrow-alt-right\" aria-hidden=\"true\"><\/i><a\n                            href=\"http:\/\/teatrounam.com.mx\/fitu27\/la-sigilosa-construccion-de-lo-salvaje\/\"\n                            \n                            \n                        ><\/a><\/div><div class=\"eael-entry-thumbnail\">\n                                <img src=\"http:\/\/teatrounam.com.mx\/fitu27\/wp-content\/uploads\/2020\/01\/taller_marionetas-300x150.png\" alt=\"\">\n                            <\/div><\/div><div class=\"eael-entry-wrapper\"><header class=\"eael-entry-header\"><h2 class=\"eael-entry-title\"><a\n                        class=\"eael-grid-post-link\"\n                        href=\"http:\/\/teatrounam.com.mx\/fitu27\/la-sigilosa-construccion-de-lo-salvaje\/\"\n                        title=\"La sigilosa construcci\u00f3n de lo salvaje\"\n                        \n                        \n                        >La sigilosa construcci\u00f3n de lo salvaje<\/a><\/h2><\/header><div class=\"eael-entry-content\">\n                        <div class=\"eael-grid-post-excerpt\"><p>INSCRIPCIONES AGOTADAS CDMX| La Liga Teatro El\u00e1stico. Taller de construcci\u00f3n de t\u00edteres impartido por Iker Vicente y Humberto Galicia. Asesor\u00eda en animaci\u00f3n por Jacqueline Seraf\u00edn. Taller intensivo enfocado en generar...<\/p><a\n                            href=\"http:\/\/teatrounam.com.mx\/fitu27\/la-sigilosa-construccion-de-lo-salvaje\/\"\n                            class=\"eael-post-elements-readmore-btn\"\n                            \n                            \n                            >Leer m\u00e1s<\/a><\/div>\n                    <\/div><\/div><\/div>\n        <\/div>\n    <\/article><article class=\"eael-grid-post eael-post-grid-column\" data-id=\"293\">\n        <div class=\"eael-grid-post-holder\">\n            <div class=\"eael-grid-post-holder-inner\"><div class=\"eael-entry-media\"><div class=\"eael-entry-overlay fade-in\"><i class=\"fas fa-long-arrow-alt-right\" aria-hidden=\"true\"><\/i><a\n                            href=\"http:\/\/teatrounam.com.mx\/fitu27\/caravana-busqueda-antropologica-y-poetica-de-los-gestos-de-america\/\"\n                            \n                            \n                        ><\/a><\/div><div class=\"eael-entry-thumbnail\">\n                                <img src=\"http:\/\/teatrounam.com.mx\/fitu27\/wp-content\/uploads\/2020\/01\/talleres_caravana_-300x150.png\" alt=\"\">\n                            <\/div><\/div><div class=\"eael-entry-wrapper\"><header class=\"eael-entry-header\"><h2 class=\"eael-entry-title\"><a\n                        class=\"eael-grid-post-link\"\n                        href=\"http:\/\/teatrounam.com.mx\/fitu27\/caravana-busqueda-antropologica-y-poetica-de-los-gestos-de-america\/\"\n                        title=\"Caravana: b\u00fasqueda antropol\u00f3gica y po\u00e9tica de los gestos de Am\u00e9rica.\"\n                        \n                        \n                        >Caravana: b\u00fasqueda antropol\u00f3gica y po\u00e9tica de los gestos de Am\u00e9rica.<\/a><\/h2><\/header><div class=\"eael-entry-content\">\n                        <div class=\"eael-grid-post-excerpt\"><p>INSCRIPCIONES AGOTADAS Canad\u00e1 | UQAM. Taller impartido por Francine Alepin. Este proyecto consta en realizar una co-creaci\u00f3n esc\u00e9nica a partir de los gestos y movimientos observados y recolectados en los...<\/p><a\n                            href=\"http:\/\/teatrounam.com.mx\/fitu27\/caravana-busqueda-antropologica-y-poetica-de-los-gestos-de-america\/\"\n                            class=\"eael-post-elements-readmore-btn\"\n                            \n                            \n                            >Leer m\u00e1s<\/a><\/div>\n                    <\/div><\/div><\/div>\n        <\/div>\n    <\/article><article class=\"eael-grid-post eael-post-grid-column\" data-id=\"286\">\n        <div class=\"eael-grid-post-holder\">\n            <div class=\"eael-grid-post-holder-inner\"><div class=\"eael-entry-media\"><div class=\"eael-entry-overlay fade-in\"><i class=\"fas fa-long-arrow-alt-right\" aria-hidden=\"true\"><\/i><a\n                            href=\"http:\/\/teatrounam.com.mx\/fitu27\/13-puntos-para-el-2020\/\"\n                            \n                            \n                        ><\/a><\/div><div class=\"eael-entry-thumbnail\">\n                                <img src=\"http:\/\/teatrounam.com.mx\/fitu27\/wp-content\/uploads\/2020\/01\/13-puntos-300x150.jpg\" alt=\"\">\n                            <\/div><\/div><div class=\"eael-entry-wrapper\"><header class=\"eael-entry-header\"><h2 class=\"eael-entry-title\"><a\n                        class=\"eael-grid-post-link\"\n                        href=\"http:\/\/teatrounam.com.mx\/fitu27\/13-puntos-para-el-2020\/\"\n                        title=\"13 puntos para el 2020\"\n                        \n                        \n                        >13 puntos para el 2020<\/a><\/h2><\/header><div class=\"eael-entry-content\">\n                        <div class=\"eael-grid-post-excerpt\"><p>INSCRIPCIONES AGOTADAS Colombia | Teatro Petra. Taller impartido por Fabio Rubiano y Marcela Valencia. Por m\u00e1s de 30 a\u00f1os, Teatro Petra, compa\u00f1\u00eda de teatro creada por Fabio Rubiano y Marcela...<\/p><a\n                            href=\"http:\/\/teatrounam.com.mx\/fitu27\/13-puntos-para-el-2020\/\"\n                            class=\"eael-post-elements-readmore-btn\"\n                            \n                            \n                            >Leer m\u00e1s<\/a><\/div>\n                    <\/div><\/div><\/div>\n        <\/div>\n    <\/article><article class=\"eael-grid-post eael-post-grid-column\" data-id=\"281\">\n        <div class=\"eael-grid-post-holder\">\n            <div class=\"eael-grid-post-holder-inner\"><div class=\"eael-entry-media\"><div class=\"eael-entry-overlay fade-in\"><i class=\"fas fa-long-arrow-alt-right\" aria-hidden=\"true\"><\/i><a\n                            href=\"http:\/\/teatrounam.com.mx\/fitu27\/structured-improvisation\/\"\n                            \n                            \n                        ><\/a><\/div><div class=\"eael-entry-thumbnail\">\n                                <img src=\"http:\/\/teatrounam.com.mx\/fitu27\/wp-content\/uploads\/2020\/01\/taller_structured-inprovisation-300x150.png\" alt=\"\">\n                            <\/div><\/div><div class=\"eael-entry-wrapper\"><header class=\"eael-entry-header\"><h2 class=\"eael-entry-title\"><a\n                        class=\"eael-grid-post-link\"\n                        href=\"http:\/\/teatrounam.com.mx\/fitu27\/structured-improvisation\/\"\n                        title=\"Structured improvisation\"\n                        \n                        \n                        >Structured improvisation<\/a><\/h2><\/header><div class=\"eael-entry-content\">\n                        <div class=\"eael-grid-post-excerpt\"><p>INSCRIPCIONES AGOTADAS EUA | CalArts Center for New Performance. Taller impartido por Anthony Nikolchev. El taller introduce a los artistas int\u00e9rpretes o ejecutantes en un enfoque disciplinado y riguroso a...<\/p><a\n                            href=\"http:\/\/teatrounam.com.mx\/fitu27\/structured-improvisation\/\"\n                            class=\"eael-post-elements-readmore-btn\"\n                            \n                            \n                            >Leer m\u00e1s<\/a><\/div>\n                    <\/div><\/div><\/div>\n        <\/div>\n    <\/article><article class=\"eael-grid-post eael-post-grid-column\" data-id=\"111\">\n        <div class=\"eael-grid-post-holder\">\n            <div class=\"eael-grid-post-holder-inner\"><div class=\"eael-entry-media\"><div class=\"eael-entry-overlay fade-in\"><i class=\"fas fa-long-arrow-alt-right\" aria-hidden=\"true\"><\/i><a\n                            href=\"http:\/\/teatrounam.com.mx\/fitu27\/dramaturgia-y-dramaturgismo\/\"\n                            \n                            \n                        ><\/a><\/div><div class=\"eael-entry-thumbnail\">\n                                <img src=\"http:\/\/teatrounam.com.mx\/fitu27\/wp-content\/uploads\/2020\/01\/taller_Dramaturgia-y-dramaturgismo-1-300x150.png\" alt=\"\">\n                            <\/div><\/div><div class=\"eael-entry-wrapper\"><header class=\"eael-entry-header\"><h2 class=\"eael-entry-title\"><a\n                        class=\"eael-grid-post-link\"\n                        href=\"http:\/\/teatrounam.com.mx\/fitu27\/dramaturgia-y-dramaturgismo\/\"\n                        title=\"Dramaturgia y dramaturgismo\"\n                        \n                        \n                        >Dramaturgia y dramaturgismo<\/a><\/h2><\/header><div class=\"eael-entry-content\">\n                        <div class=\"eael-grid-post-excerpt\"><p>INSCRIPCIONES AGOTADAS Canad\u00e1 | Nightswimming Theatre. Taller impartido por Brian Quirt. Coordina Silvia Pel\u00e1ez. Si bien el oficio se remonta al siglo XVIII, la figura del dramaturgista sigue causando pol\u00e9mica....<\/p><a\n                            href=\"http:\/\/teatrounam.com.mx\/fitu27\/dramaturgia-y-dramaturgismo\/\"\n                            class=\"eael-post-elements-readmore-btn\"\n                            \n                            \n                            >Leer m\u00e1s<\/a><\/div>\n                    <\/div><\/div><\/div>\n        <\/div>\n    <\/article><article class=\"eael-grid-post eael-post-grid-column\" data-id=\"324\">\n        <div class=\"eael-grid-post-holder\">\n            <div class=\"eael-grid-post-holder-inner\"><div class=\"eael-entry-media\"><div class=\"eael-entry-overlay fade-in\"><i class=\"fas fa-long-arrow-alt-right\" aria-hidden=\"true\"><\/i><a\n                            href=\"http:\/\/teatrounam.com.mx\/fitu27\/seminario-el-artista-investigador-y-la-produccion-de-conocimiento-desde-lo-escenico\/\"\n                            \n                            \n                        ><\/a><\/div><div class=\"eael-entry-thumbnail\">\n                                <img src=\"http:\/\/teatrounam.com.mx\/fitu27\/wp-content\/uploads\/2020\/01\/seminario_el-artista-300x150.png\" alt=\"\">\n                            <\/div><\/div><div class=\"eael-entry-wrapper\"><header class=\"eael-entry-header\"><h2 class=\"eael-entry-title\"><a\n                        class=\"eael-grid-post-link\"\n                        href=\"http:\/\/teatrounam.com.mx\/fitu27\/seminario-el-artista-investigador-y-la-produccion-de-conocimiento-desde-lo-escenico\/\"\n                        title=\"Seminario: El artista-investigador y la producci\u00f3n de conocimiento desde lo esc\u00e9nico\"\n                        \n                        \n                        >Seminario: El artista-investigador y la producci\u00f3n de conocimiento desde lo esc\u00e9nico<\/a><\/h2><\/header><div class=\"eael-entry-content\">\n                        <div class=\"eael-grid-post-excerpt\"><p>Argentina-M\u00e9xico| UBA-UNAM. Seminario impartido por Jorge Dubatti y Didanwy Kent. \u00bfQu\u00e9 significa investigar desde la pr\u00e1ctica art\u00edstica? \u00bfCu\u00e1l es la singularidad del conocimiento que produce lo esc\u00e9nico? En este seminario...<\/p><a\n                            href=\"http:\/\/teatrounam.com.mx\/fitu27\/seminario-el-artista-investigador-y-la-produccion-de-conocimiento-desde-lo-escenico\/\"\n                            class=\"eael-post-elements-readmore-btn\"\n                            \n                            \n                            >Leer m\u00e1s<\/a><\/div>\n                    <\/div><\/div><\/div>\n        <\/div>\n    <\/article><\/div>\n            <div class=\"clearfix\"><\/div>\n        <\/div>\t\t<\/div>\n\t\t\t\t<\/div>\n\t\t\t\t\t\t<\/div>\n\t\t\t\t\t<\/div>\n\t\t<\/div>\n\t\t\t\t\t\t\t\t<\/div>\n\t\t\t\t\t<\/div>\n\t\t<\/section>\n\t\t\t\t\t\t<\/div>\n\t\t\t\t\t\t<\/div>\n\t\t\t\t\t<\/div>\n\t\t","protected":false},"excerpt":{"rendered":"<p>Crear en compa\u00f1\u00eda. Teatro Petra con Jorge Dubatti Hay que enfrentar la realidad. La poes\u00eda, el humor y la libertad han sido las principales herramientas de Teatro Petra para embestirla. &hellip; <\/p>\n","protected":false},"author":1,"featured_media":1973,"comment_status":"closed","ping_status":"closed","sticky":false,"template":"","format":"standard","meta":{"spay_email":""},"categories":[53,41,37],"tags":[15],"yoast_head":"<!-- This site is optimized with the Yoast SEO plugin v16.1.1 - https:\/\/yoast.com\/wordpress\/plugins\/seo\/ -->\n<title>Crear en compa\u00f1\u00eda - 27 Festival Internacional de Teatro Universitario<\/title>\n<meta property=\"og:locale\" content=\"es_MX\" \/>\n<meta property=\"og:type\" content=\"article\" \/>\n<meta property=\"og:title\" content=\"Crear en compa\u00f1\u00eda - 27 Festival Internacional de Teatro Universitario\" \/>\n<meta property=\"og:description\" content=\"Crear en compa\u00f1\u00eda. Teatro Petra con Jorge Dubatti Hay que enfrentar la realidad. La poes\u00eda, el humor y la libertad han sido las principales herramientas de Teatro Petra para embestirla. &hellip;\" \/>\n<meta property=\"og:url\" content=\"http:\/\/teatrounam.com.mx\/fitu27\/crear-en-compania\/\" \/>\n<meta property=\"og:site_name\" content=\"27 Festival Internacional de Teatro Universitario\" \/>\n<meta property=\"article:published_time\" content=\"2020-01-28T20:46:21+00:00\" \/>\n<meta property=\"article:modified_time\" content=\"2020-02-12T20:37:32+00:00\" \/>\n<meta property=\"og:image\" content=\"http:\/\/teatrounam.com.mx\/fitu27\/wp-content\/uploads\/2020\/01\/Crear-en-compan\u0303ia.jpg\" \/>\n\t<meta property=\"og:image:width\" content=\"846\" \/>\n\t<meta property=\"og:image:height\" content=\"499\" \/>\n<meta name=\"twitter:card\" content=\"summary_large_image\" \/>\n<meta name=\"twitter:label1\" content=\"Tiempo de lectura\">\n\t<meta name=\"twitter:data1\" content=\"2 minutos\">\n<script type=\"application\/ld+json\" class=\"yoast-schema-graph\">{\"@context\":\"https:\/\/schema.org\",\"@graph\":[{\"@type\":\"WebSite\",\"@id\":\"https:\/\/teatrounam.com.mx\/fitu27\/#website\",\"url\":\"https:\/\/teatrounam.com.mx\/fitu27\/\",\"name\":\"27 Festival Internacional de Teatro Universitario\",\"description\":\"Del 7 al 16 de febrero 2020\",\"potentialAction\":[{\"@type\":\"SearchAction\",\"target\":\"https:\/\/teatrounam.com.mx\/fitu27\/?s={search_term_string}\",\"query-input\":\"required name=search_term_string\"}],\"inLanguage\":\"es-MX\"},{\"@type\":\"ImageObject\",\"@id\":\"http:\/\/teatrounam.com.mx\/fitu27\/crear-en-compania\/#primaryimage\",\"inLanguage\":\"es-MX\",\"url\":\"http:\/\/teatrounam.com.mx\/fitu27\/wp-content\/uploads\/2020\/01\/Crear-en-compan\\u0303ia.jpg\",\"contentUrl\":\"http:\/\/teatrounam.com.mx\/fitu27\/wp-content\/uploads\/2020\/01\/Crear-en-compan\\u0303ia.jpg\",\"width\":846,\"height\":499},{\"@type\":\"WebPage\",\"@id\":\"http:\/\/teatrounam.com.mx\/fitu27\/crear-en-compania\/#webpage\",\"url\":\"http:\/\/teatrounam.com.mx\/fitu27\/crear-en-compania\/\",\"name\":\"Crear en compa\\u00f1\\u00eda - 27 Festival Internacional de Teatro Universitario\",\"isPartOf\":{\"@id\":\"https:\/\/teatrounam.com.mx\/fitu27\/#website\"},\"primaryImageOfPage\":{\"@id\":\"http:\/\/teatrounam.com.mx\/fitu27\/crear-en-compania\/#primaryimage\"},\"datePublished\":\"2020-01-28T20:46:21+00:00\",\"dateModified\":\"2020-02-12T20:37:32+00:00\",\"author\":{\"@id\":\"https:\/\/teatrounam.com.mx\/fitu27\/#\/schema\/person\/ccd91f4c6635e14b9d994ede00b28e62\"},\"breadcrumb\":{\"@id\":\"http:\/\/teatrounam.com.mx\/fitu27\/crear-en-compania\/#breadcrumb\"},\"inLanguage\":\"es-MX\",\"potentialAction\":[{\"@type\":\"ReadAction\",\"target\":[\"http:\/\/teatrounam.com.mx\/fitu27\/crear-en-compania\/\"]}]},{\"@type\":\"BreadcrumbList\",\"@id\":\"http:\/\/teatrounam.com.mx\/fitu27\/crear-en-compania\/#breadcrumb\",\"itemListElement\":[{\"@type\":\"ListItem\",\"position\":1,\"item\":{\"@type\":\"WebPage\",\"@id\":\"http:\/\/teatrounam.com.mx\/fitu27\/\",\"url\":\"http:\/\/teatrounam.com.mx\/fitu27\/\",\"name\":\"Home\"}},{\"@type\":\"ListItem\",\"position\":2,\"item\":{\"@type\":\"WebPage\",\"@id\":\"http:\/\/teatrounam.com.mx\/fitu27\/crear-en-compania\/\",\"url\":\"http:\/\/teatrounam.com.mx\/fitu27\/crear-en-compania\/\",\"name\":\"Crear en compa\\u00f1\\u00eda\"}}]},{\"@type\":\"Person\",\"@id\":\"https:\/\/teatrounam.com.mx\/fitu27\/#\/schema\/person\/ccd91f4c6635e14b9d994ede00b28e62\",\"name\":\"teatrounam\",\"image\":{\"@type\":\"ImageObject\",\"@id\":\"https:\/\/teatrounam.com.mx\/fitu27\/#personlogo\",\"inLanguage\":\"es-MX\",\"url\":\"http:\/\/2.gravatar.com\/avatar\/e4432af7cb563867882da40c01d190bc?s=96&d=mm&r=g\",\"contentUrl\":\"http:\/\/2.gravatar.com\/avatar\/e4432af7cb563867882da40c01d190bc?s=96&d=mm&r=g\",\"caption\":\"teatrounam\"}}]}<\/script>\n<!-- \/ Yoast SEO plugin. -->","jetpack_featured_media_url":"http:\/\/teatrounam.com.mx\/fitu27\/wp-content\/uploads\/2020\/01\/Crear-en-compan\u0303ia.jpg","_links":{"self":[{"href":"http:\/\/teatrounam.com.mx\/fitu27\/wp-json\/wp\/v2\/posts\/631"}],"collection":[{"href":"http:\/\/teatrounam.com.mx\/fitu27\/wp-json\/wp\/v2\/posts"}],"about":[{"href":"http:\/\/teatrounam.com.mx\/fitu27\/wp-json\/wp\/v2\/types\/post"}],"author":[{"embeddable":true,"href":"http:\/\/teatrounam.com.mx\/fitu27\/wp-json\/wp\/v2\/users\/1"}],"replies":[{"embeddable":true,"href":"http:\/\/teatrounam.com.mx\/fitu27\/wp-json\/wp\/v2\/comments?post=631"}],"version-history":[{"count":4,"href":"http:\/\/teatrounam.com.mx\/fitu27\/wp-json\/wp\/v2\/posts\/631\/revisions"}],"predecessor-version":[{"id":1837,"href":"http:\/\/teatrounam.com.mx\/fitu27\/wp-json\/wp\/v2\/posts\/631\/revisions\/1837"}],"wp:featuredmedia":[{"embeddable":true,"href":"http:\/\/teatrounam.com.mx\/fitu27\/wp-json\/wp\/v2\/media\/1973"}],"wp:attachment":[{"href":"http:\/\/teatrounam.com.mx\/fitu27\/wp-json\/wp\/v2\/media?parent=631"}],"wp:term":[{"taxonomy":"category","embeddable":true,"href":"http:\/\/teatrounam.com.mx\/fitu27\/wp-json\/wp\/v2\/categories?post=631"},{"taxonomy":"post_tag","embeddable":true,"href":"http:\/\/teatrounam.com.mx\/fitu27\/wp-json\/wp\/v2\/tags?post=631"}],"curies":[{"name":"wp","href":"https:\/\/api.w.org\/{rel}","templated":true}]}}