{"id":489,"date":"2020-01-27T21:08:21","date_gmt":"2020-01-27T21:08:21","guid":{"rendered":"http:\/\/teatrounam.com.mx\/fitu29\/?p=489"},"modified":"2020-02-12T20:40:00","modified_gmt":"2020-02-12T20:40:00","slug":"cheran-o-la-democracia-segun-cinco-indias-rijosas","status":"publish","type":"post","link":"http:\/\/teatrounam.com.mx\/fitu27\/cheran-o-la-democracia-segun-cinco-indias-rijosas\/","title":{"rendered":"Chera\u0301n o la democracia segu\u0301n cinco indias rijosas"},"content":{"rendered":"\t\t<div data-elementor-type=\"wp-post\" data-elementor-id=\"489\" class=\"elementor elementor-489\" data-elementor-settings=\"[]\">\n\t\t\t\t\t\t<div class=\"elementor-inner\">\n\t\t\t\t\t\t\t<div class=\"elementor-section-wrap\">\n\t\t\t\t\t\t\t<section class=\"elementor-section elementor-top-section elementor-element elementor-element-6b8b0de elementor-section-boxed elementor-section-height-default elementor-section-height-default\" data-id=\"6b8b0de\" data-element_type=\"section\">\n\t\t\t\t\t\t<div class=\"elementor-container elementor-column-gap-default\">\n\t\t\t\t\t\t\t<div class=\"elementor-row\">\n\t\t\t\t\t<div class=\"elementor-column elementor-col-100 elementor-top-column elementor-element elementor-element-bd4750d\" data-id=\"bd4750d\" data-element_type=\"column\">\n\t\t\t<div class=\"elementor-column-wrap elementor-element-populated\">\n\t\t\t\t\t\t\t<div class=\"elementor-widget-wrap\">\n\t\t\t\t\t\t<div class=\"elementor-element elementor-element-57dad49 elementor-widget elementor-widget-text-editor\" data-id=\"57dad49\" data-element_type=\"widget\" data-widget_type=\"text-editor.default\">\n\t\t\t\t<div class=\"elementor-widget-container\">\n\t\t\t\t\t<div class=\"elementor-text-editor elementor-clearfix\"><p><a href=\"http:\/\/teatrounam.com.mx\/fitu29\/plataforma-de-profesionalizacion\/\"><img loading=\"lazy\" class=\"alignnone size-full wp-image-475\" src=\"http:\/\/teatrounam.com.mx\/fitu29\/wp-content\/uploads\/2020\/01\/prof-sol.jpg\" alt=\"\" width=\"25\" height=\"25\" \/><\/a> <a href=\"http:\/\/teatrounam.com.mx\/fitu29\/trabajo-en-grupos-y-companias\/\"><img loading=\"lazy\" class=\"alignnone size-medium wp-image-468\" src=\"http:\/\/teatrounam.com.mx\/fitu29\/wp-content\/uploads\/2020\/01\/com-cal.jpg\" alt=\"\" width=\"25\" height=\"25\" \/><\/a><\/p><\/div>\n\t\t\t\t<\/div>\n\t\t\t\t<\/div>\n\t\t\t\t<div class=\"elementor-element elementor-element-2bf15c7 elementor-widget elementor-widget-text-editor\" data-id=\"2bf15c7\" data-element_type=\"widget\" data-widget_type=\"text-editor.default\">\n\t\t\t\t<div class=\"elementor-widget-container\">\n\t\t\t\t\t<div class=\"elementor-text-editor elementor-clearfix\"><p><b>Compan\u0303i\u0301a Nacional de Teatro y Compan\u0303i\u0301a Titular de Teatro de la Universidad Veracruzana.\u00b6<\/b><\/p><p>CDMX \u2013 Veracruz.\u00b6<\/p><p>Texto ficticio basado en un hecho real que ocurrio\u0301 en 2011 en el municipio de Chera\u0301n, en la meseta pure\u0301pecha del estado de Michoaca\u0301n, donde un grupo de mujeres se enfrento\u0301 a una camioneta de taladores ilegales, lo que derivo\u0301 en una revuelta en la que participo\u0301 gran parte de los habitantes del pueblo, que concluyo\u0301 en la expulsio\u0301n de partidos pol\u00edticos y la conformacio\u0301n de un re\u0301gimen de autogobierno basado en el sistema de usos y costumbres.\u00b6<\/p><p><b>Domingo 16 \u2013 17 h\u00b6<\/b><\/p><p><b>Teatro Juan Ruiz de Alarco\u0301n\u00b6<\/b><\/p><p><b>Duraci\u00f3n: 75 min\u00b6<\/b><\/p><p><b>\u2761<\/b><\/p><p>De <b>Luis Enrique Gutie\u0301rrez Ortiz Monasterio LEGOM\u00b6<\/b><\/p><p>Direccio\u0301n <b>Alba Domi\u0301nguez<\/b><\/p><p>Asesori\u0301a <b>Marti\u0301n Acosta\u00b6<\/b><\/p><p><b>\u2761<\/b><\/p><p><b>Reparto\u00b6<\/b><\/p><p>\u00a0<\/p><p>ORTEUV*\u00b6<\/p><p><b>Juan Pablo Becerra<\/b><\/p><p><b>Miriam Cha\u0301zaro<\/b><\/p><p><b>Karina Meneses<\/b><\/p><p><b>Gema Mun\u0303oz<\/b><\/p><p><b>Carlos Ortega<\/b><\/p><p><b>\u00a0<\/b><\/p><p>\u00a0<\/p><p>CNT**\u00b6<\/p><p><b>E\u0301rika de la Llave<\/b><\/p><p><b>Luisa Huertas<\/b><\/p><p><b>Miguel A\u0301ngel Lo\u0301pez<\/b><\/p><p><b>Pilar Padilla\u00b6<\/b><\/p><p><b>Andre\u0301s Weiss<\/b><\/p><p>\u00a0<\/p><p><b>Equipo creativo\u00b6<\/b><\/p><p>Disen\u0303o de escenograf\u00eda\u00b6 e iluminacio\u0301n: <b>Jesu\u0301s Herna\u0301ndez\u00b6<\/b><\/p><p>Disen\u0303o de vestuario: <b>Jerildy Bosch\u00b6<\/b><\/p><p>Movimiento esce\u0301nico: <b>Alan Uribe Villarruel**<\/b>\u00b6<\/p><p>Disen\u0303o sonoro: <b>Joaqu\u00edn Lo\u0301pez Chapman \u201cChas\u201d<\/b>***<\/p><p>Asistente de direccio\u0301n: <b>Paulina Sandoval\u00b6<\/b><\/p><p>Asistente de produccio\u0301n: <b>Lucio Hevia<\/b><\/p><p>Realizacio\u0301n de escenografi\u0301a: <b>MACE Montajes Arti\u0301sticos <\/b>y <b>Construcciones Escenogra\u0301ficas Macedonio Cervantes<\/b><\/p><p>Construccio\u0301n de efecto de flama: <b>Jorge Ma\u0301rquez <\/b>y <b>David Olvera<\/b><\/p><p>Direccio\u0301n Arti\u0301stica de la CNT: <b>Enrique Singer<\/b><\/p><p>Secretaria Ejecutiva del FONCA: <b>Adriana Konzevik Cabib<\/b><\/p><p>Director de la Compan\u0303i\u0301a Titular de Teatro ORTEUV: <b>Luis Mario Moncada\u00b6<\/b><\/p><p>\u00a0<\/p><p>*Actores de la Compan\u0303i\u0301a Titular de la Universidad Veracruzana\u00b6<\/p><p>** Beneficiarios del Programa Compan\u0303\u00eda Nacional del FONCA\u00b6<\/p><p>*** Miembro del Sistema Nacional de Creadores de Arte del FONCA\u00b6<\/p><p>______________<\/p><p><b>Chera\u0301n o la democracia segu\u0301n cinco indias rijosas\u00b6<\/b><\/p><p><b>Compan\u0303\u00eda Nacional de Teatro y Compan\u0303\u00eda Titular de Teatro de la Universidad Veracruzana.\u00b6<\/b><\/p><p>CDMX \u2013 Veracruz.\u00b6<\/p><p><b>Domingo 16 \u2013 17 h\u00b6<\/b><\/p><p><b>Teatro Juan Ruiz de Alarco\u0301n\u00b6<\/b><\/p><p><b>Duraci\u00f3n: 75 min\u00b6<\/b><\/p><\/div>\n\t\t\t\t<\/div>\n\t\t\t\t<\/div>\n\t\t\t\t\t\t<\/div>\n\t\t\t\t\t<\/div>\n\t\t<\/div>\n\t\t\t\t\t\t\t\t<\/div>\n\t\t\t\t\t<\/div>\n\t\t<\/section>\n\t\t\t\t<section class=\"elementor-section elementor-top-section elementor-element elementor-element-08b0dc0 elementor-section-boxed elementor-section-height-default elementor-section-height-default\" data-id=\"08b0dc0\" data-element_type=\"section\">\n\t\t\t\t\t\t<div class=\"elementor-container elementor-column-gap-default\">\n\t\t\t\t\t\t\t<div class=\"elementor-row\">\n\t\t\t\t\t<div class=\"elementor-column elementor-col-100 elementor-top-column elementor-element elementor-element-38eb0f9\" data-id=\"38eb0f9\" data-element_type=\"column\">\n\t\t\t<div class=\"elementor-column-wrap elementor-element-populated\">\n\t\t\t\t\t\t\t<div class=\"elementor-widget-wrap\">\n\t\t\t\t\t\t<div class=\"elementor-element elementor-element-330c525 elementor-widget-divider--view-line elementor-widget elementor-widget-divider\" data-id=\"330c525\" data-element_type=\"widget\" data-widget_type=\"divider.default\">\n\t\t\t\t<div class=\"elementor-widget-container\">\n\t\t\t\t\t<div class=\"elementor-divider\">\n\t\t\t<span class=\"elementor-divider-separator\">\n\t\t\t\t\t\t<\/span>\n\t\t<\/div>\n\t\t\t\t<\/div>\n\t\t\t\t<\/div>\n\t\t\t\t\t\t<\/div>\n\t\t\t\t\t<\/div>\n\t\t<\/div>\n\t\t\t\t\t\t\t\t<\/div>\n\t\t\t\t\t<\/div>\n\t\t<\/section>\n\t\t\t\t<section class=\"elementor-section elementor-top-section elementor-element elementor-element-3d937c9 elementor-section-boxed elementor-section-height-default elementor-section-height-default\" data-id=\"3d937c9\" data-element_type=\"section\">\n\t\t\t\t\t\t<div class=\"elementor-container elementor-column-gap-default\">\n\t\t\t\t\t\t\t<div class=\"elementor-row\">\n\t\t\t\t\t<div class=\"elementor-column elementor-col-100 elementor-top-column elementor-element elementor-element-1030230\" data-id=\"1030230\" data-element_type=\"column\">\n\t\t\t<div class=\"elementor-column-wrap elementor-element-populated\">\n\t\t\t\t\t\t\t<div class=\"elementor-widget-wrap\">\n\t\t\t\t\t\t<div class=\"elementor-element elementor-element-6350dce elementor-widget elementor-widget-heading\" data-id=\"6350dce\" data-element_type=\"widget\" data-widget_type=\"heading.default\">\n\t\t\t\t<div class=\"elementor-widget-container\">\n\t\t\t<h2 class=\"elementor-heading-title elementor-size-default\">M\u00e1s obras de exhibici\u00f3n<\/h2>\t\t<\/div>\n\t\t\t\t<\/div>\n\t\t\t\t\t\t<\/div>\n\t\t\t\t\t<\/div>\n\t\t<\/div>\n\t\t\t\t\t\t\t\t<\/div>\n\t\t\t\t\t<\/div>\n\t\t<\/section>\n\t\t\t\t<section class=\"elementor-section elementor-top-section elementor-element elementor-element-4188769 elementor-section-boxed elementor-section-height-default elementor-section-height-default\" data-id=\"4188769\" data-element_type=\"section\">\n\t\t\t\t\t\t<div class=\"elementor-container elementor-column-gap-default\">\n\t\t\t\t\t\t\t<div class=\"elementor-row\">\n\t\t\t\t\t<div class=\"elementor-column elementor-col-100 elementor-top-column elementor-element elementor-element-84e1b8d\" data-id=\"84e1b8d\" data-element_type=\"column\">\n\t\t\t<div class=\"elementor-column-wrap elementor-element-populated\">\n\t\t\t\t\t\t\t<div class=\"elementor-widget-wrap\">\n\t\t\t\t\t\t<div class=\"elementor-element elementor-element-1197327 elementor-grid-eael-col-3 elementor-grid-tablet-eael-col-2 elementor-grid-mobile-eael-col-1 elementor-widget elementor-widget-eael-post-grid\" data-id=\"1197327\" data-element_type=\"widget\" data-settings=\"{&quot;eael_post_grid_columns&quot;:&quot;eael-col-3&quot;,&quot;eael_post_grid_columns_tablet&quot;:&quot;eael-col-2&quot;,&quot;eael_post_grid_columns_mobile&quot;:&quot;eael-col-1&quot;}\" data-widget_type=\"eael-post-grid.default\">\n\t\t\t\t<div class=\"elementor-widget-container\">\n\t\t\t<div id=\"eael-post-grid-1197327\" class=\"eael-post-grid-container\">\n            <div class=\"eael-post-grid eael-post-appender eael-post-appender-1197327 eael-post-grid-style-default\" data-layout-mode=\"masonry\"><article class=\"eael-grid-post eael-post-grid-column\" data-id=\"657\">\n        <div class=\"eael-grid-post-holder\">\n            <div class=\"eael-grid-post-holder-inner\"><div class=\"eael-entry-media\"><div class=\"eael-entry-overlay fade-in\"><i class=\"fas fa-long-arrow-alt-right\" aria-hidden=\"true\"><\/i><a\n                            href=\"http:\/\/teatrounam.com.mx\/fitu27\/las-bestias-danzan-o-el-sigiloso-conjuro-de-lo-salvaje\/\"\n                            \n                            \n                        ><\/a><\/div><div class=\"eael-entry-thumbnail\">\n                                <img src=\"http:\/\/teatrounam.com.mx\/fitu27\/wp-content\/uploads\/2020\/01\/La-bestias-danzan.png\" alt=\"\">\n                            <\/div><\/div><div class=\"eael-entry-wrapper\"><header class=\"eael-entry-header\"><h2 class=\"eael-entry-title\"><a\n                        class=\"eael-grid-post-link\"\n                        href=\"http:\/\/teatrounam.com.mx\/fitu27\/las-bestias-danzan-o-el-sigiloso-conjuro-de-lo-salvaje\/\"\n                        title=\"Las bestias danzan o el sigiloso conjuro de lo salvaje\"\n                        \n                        \n                        >Las bestias danzan o el sigiloso conjuro de lo salvaje<\/a><\/h2><\/header><div class=\"eael-entry-content\">\n                        <div class=\"eael-grid-post-excerpt\"><p>La Liga \u2013 Teatro Ela\u0301stico. CDMX. Exposicio\u0301n itinerante como acto simbo\u0301lico de reconstruir y dar vida a una manada de lobos y un gran venado en el espacio pu\u0301blico, que...<\/p><a\n                            href=\"http:\/\/teatrounam.com.mx\/fitu27\/las-bestias-danzan-o-el-sigiloso-conjuro-de-lo-salvaje\/\"\n                            class=\"eael-post-elements-readmore-btn\"\n                            \n                            \n                            >Leer m\u00e1s<\/a><\/div>\n                    <\/div><\/div><\/div>\n        <\/div>\n    <\/article><article class=\"eael-grid-post eael-post-grid-column\" data-id=\"654\">\n        <div class=\"eael-grid-post-holder\">\n            <div class=\"eael-grid-post-holder-inner\"><div class=\"eael-entry-media\"><div class=\"eael-entry-overlay fade-in\"><i class=\"fas fa-long-arrow-alt-right\" aria-hidden=\"true\"><\/i><a\n                            href=\"http:\/\/teatrounam.com.mx\/fitu27\/el-cornudo-imaginario\/\"\n                            \n                            \n                        ><\/a><\/div><div class=\"eael-entry-thumbnail\">\n                                <img src=\"http:\/\/teatrounam.com.mx\/fitu27\/wp-content\/uploads\/2020\/01\/cornudo.jpg\" alt=\"\">\n                            <\/div><\/div><div class=\"eael-entry-wrapper\"><header class=\"eael-entry-header\"><h2 class=\"eael-entry-title\"><a\n                        class=\"eael-grid-post-link\"\n                        href=\"http:\/\/teatrounam.com.mx\/fitu27\/el-cornudo-imaginario\/\"\n                        title=\"El cornudo imaginario\"\n                        \n                        \n                        >El cornudo imaginario<\/a><\/h2><\/header><div class=\"eael-entry-content\">\n                        <div class=\"eael-grid-post-excerpt\"><p>&nbsp; De Moli\u00e8re. Direcci\u00f3n: Jes\u00fas D\u00edaz. Traducci\u00f3n: Eduardo Contreras Soto A partir del desmayo de uno de los personajes, se suscita una cadena de enredos en el que todos los...<\/p><a\n                            href=\"http:\/\/teatrounam.com.mx\/fitu27\/el-cornudo-imaginario\/\"\n                            class=\"eael-post-elements-readmore-btn\"\n                            \n                            \n                            >Leer m\u00e1s<\/a><\/div>\n                    <\/div><\/div><\/div>\n        <\/div>\n    <\/article><article class=\"eael-grid-post eael-post-grid-column\" data-id=\"642\">\n        <div class=\"eael-grid-post-holder\">\n            <div class=\"eael-grid-post-holder-inner\"><div class=\"eael-entry-media\"><div class=\"eael-entry-overlay fade-in\"><i class=\"fas fa-long-arrow-alt-right\" aria-hidden=\"true\"><\/i><a\n                            href=\"http:\/\/teatrounam.com.mx\/fitu27\/alina-vida-de-una-mujer-mixteca\/\"\n                            \n                            \n                        ><\/a><\/div><div class=\"eael-entry-thumbnail\">\n                                <img src=\"http:\/\/teatrounam.com.mx\/fitu27\/wp-content\/uploads\/2020\/01\/ALINA-vida-de-una-mujer.png\" alt=\"\">\n                            <\/div><\/div><div class=\"eael-entry-wrapper\"><header class=\"eael-entry-header\"><h2 class=\"eael-entry-title\"><a\n                        class=\"eael-grid-post-link\"\n                        href=\"http:\/\/teatrounam.com.mx\/fitu27\/alina-vida-de-una-mujer-mixteca\/\"\n                        title=\"Alina. Vida de una mujer mixteca.\"\n                        \n                        \n                        >Alina. Vida de una mujer mixteca.<\/a><\/h2><\/header><div class=\"eael-entry-content\">\n                        <div class=\"eael-grid-post-excerpt\"><p>Dramaturgia y direcci\u00f3n: Luisa Pardo. Acompa\u00f1amiento: L\u00e1zaro Gabino Rodr\u00edguez Alina es una puesta en escena que combina cortas creaciones esc\u00e9nicas propuestas por las ni\u00f1as y los ni\u00f1os del taller de...<\/p><a\n                            href=\"http:\/\/teatrounam.com.mx\/fitu27\/alina-vida-de-una-mujer-mixteca\/\"\n                            class=\"eael-post-elements-readmore-btn\"\n                            \n                            \n                            >Leer m\u00e1s<\/a><\/div>\n                    <\/div><\/div><\/div>\n        <\/div>\n    <\/article><article class=\"eael-grid-post eael-post-grid-column\" data-id=\"639\">\n        <div class=\"eael-grid-post-holder\">\n            <div class=\"eael-grid-post-holder-inner\"><div class=\"eael-entry-media\"><div class=\"eael-entry-overlay fade-in\"><i class=\"fas fa-long-arrow-alt-right\" aria-hidden=\"true\"><\/i><a\n                            href=\"http:\/\/teatrounam.com.mx\/fitu27\/tum\/\"\n                            \n                            \n                        ><\/a><\/div><div class=\"eael-entry-thumbnail\">\n                                <img src=\"http:\/\/teatrounam.com.mx\/fitu27\/wp-content\/uploads\/2020\/01\/TUM.png\" alt=\"\">\n                            <\/div><\/div><div class=\"eael-entry-wrapper\"><header class=\"eael-entry-header\"><h2 class=\"eael-entry-title\"><a\n                        class=\"eael-grid-post-link\"\n                        href=\"http:\/\/teatrounam.com.mx\/fitu27\/tum\/\"\n                        title=\"TUM\"\n                        \n                        \n                        >TUM<\/a><\/h2><\/header><div class=\"eael-entry-content\">\n                        <div class=\"eael-grid-post-excerpt\"><p>TUM. Teatro y m\u00fasica para la primera infancia. Direcci\u00f3n: Tita Iacobelli Delpiano Tres hermanos nos cuentan la historia de su patio, el lugar donde jugaron, crecieron y exploraron. Entra\u00f1ables personajes...<\/p><a\n                            href=\"http:\/\/teatrounam.com.mx\/fitu27\/tum\/\"\n                            class=\"eael-post-elements-readmore-btn\"\n                            \n                            \n                            >Leer m\u00e1s<\/a><\/div>\n                    <\/div><\/div><\/div>\n        <\/div>\n    <\/article><article class=\"eael-grid-post eael-post-grid-column\" data-id=\"628\">\n        <div class=\"eael-grid-post-holder\">\n            <div class=\"eael-grid-post-holder-inner\"><div class=\"eael-entry-media\"><div class=\"eael-entry-overlay fade-in\"><i class=\"fas fa-long-arrow-alt-right\" aria-hidden=\"true\"><\/i><a\n                            href=\"http:\/\/teatrounam.com.mx\/fitu27\/historia-patria-no-oficial\/\"\n                            \n                            \n                        ><\/a><\/div><div class=\"eael-entry-thumbnail\">\n                                <img src=\"http:\/\/teatrounam.com.mx\/fitu27\/wp-content\/uploads\/2020\/01\/historia-patria.png\" alt=\"\">\n                            <\/div><\/div><div class=\"eael-entry-wrapper\"><header class=\"eael-entry-header\"><h2 class=\"eael-entry-title\"><a\n                        class=\"eael-grid-post-link\"\n                        href=\"http:\/\/teatrounam.com.mx\/fitu27\/historia-patria-no-oficial\/\"\n                        title=\"Historia Patria (no oficial)\"\n                        \n                        \n                        >Historia Patria (no oficial)<\/a><\/h2><\/header><div class=\"eael-entry-content\">\n                        <div class=\"eael-grid-post-excerpt\"><p>Escrita y dirigida por Fabio Rubiano Orjuela. Coproducci\u00f3n de Teatro Petra y el Teatro Colsubsidio. Uno de los mayores miedos al comenzar el siglo xix en estos territorios se centraba...<\/p><a\n                            href=\"http:\/\/teatrounam.com.mx\/fitu27\/historia-patria-no-oficial\/\"\n                            class=\"eael-post-elements-readmore-btn\"\n                            \n                            \n                            >Leer m\u00e1s<\/a><\/div>\n                    <\/div><\/div><\/div>\n        <\/div>\n    <\/article><article class=\"eael-grid-post eael-post-grid-column\" data-id=\"597\">\n        <div class=\"eael-grid-post-holder\">\n            <div class=\"eael-grid-post-holder-inner\"><div class=\"eael-entry-media\"><div class=\"eael-entry-overlay fade-in\"><i class=\"fas fa-long-arrow-alt-right\" aria-hidden=\"true\"><\/i><a\n                            href=\"http:\/\/teatrounam.com.mx\/fitu27\/mujer\/\"\n                            \n                            \n                        ><\/a><\/div><div class=\"eael-entry-thumbnail\">\n                                <img src=\"http:\/\/teatrounam.com.mx\/fitu27\/wp-content\/uploads\/2020\/01\/Mujer-bueno.png\" alt=\"\">\n                            <\/div><\/div><div class=\"eael-entry-wrapper\"><header class=\"eael-entry-header\"><h2 class=\"eael-entry-title\"><a\n                        class=\"eael-grid-post-link\"\n                        href=\"http:\/\/teatrounam.com.mx\/fitu27\/mujer\/\"\n                        title=\"Mujer\"\n                        \n                        \n                        >Mujer<\/a><\/h2><\/header><div class=\"eael-entry-content\">\n                        <div class=\"eael-grid-post-excerpt\"><p>De: Queralt Riera. Direcci\u00f3n: Mariana Garc\u00eda Franco y Diana Sedano La verdad se enreda como un plato de espaguetis&#8230; Frente a la violencia a la que estamos sujetas como mujeres,...<\/p><a\n                            href=\"http:\/\/teatrounam.com.mx\/fitu27\/mujer\/\"\n                            class=\"eael-post-elements-readmore-btn\"\n                            \n                            \n                            >Leer m\u00e1s<\/a><\/div>\n                    <\/div><\/div><\/div>\n        <\/div>\n    <\/article><article class=\"eael-grid-post eael-post-grid-column\" data-id=\"564\">\n        <div class=\"eael-grid-post-holder\">\n            <div class=\"eael-grid-post-holder-inner\"><div class=\"eael-entry-media\"><div class=\"eael-entry-overlay fade-in\"><i class=\"fas fa-long-arrow-alt-right\" aria-hidden=\"true\"><\/i><a\n                            href=\"http:\/\/teatrounam.com.mx\/fitu27\/work-in-progress-caravana-busqueda-antropologica-y-poetica-de-los-gestos-de-america\/\"\n                            \n                            \n                        ><\/a><\/div><div class=\"eael-entry-thumbnail\">\n                                <img src=\"http:\/\/teatrounam.com.mx\/fitu27\/wp-content\/uploads\/2020\/01\/talleres_caravana_-300x150.png\" alt=\"\">\n                            <\/div><\/div><div class=\"eael-entry-wrapper\"><header class=\"eael-entry-header\"><h2 class=\"eael-entry-title\"><a\n                        class=\"eael-grid-post-link\"\n                        href=\"http:\/\/teatrounam.com.mx\/fitu27\/work-in-progress-caravana-busqueda-antropologica-y-poetica-de-los-gestos-de-america\/\"\n                        title=\"Caravana: Resultado del taller\"\n                        \n                        \n                        >Caravana: Resultado del taller<\/a><\/h2><\/header><div class=\"eael-entry-content\">\n                        <div class=\"eael-grid-post-excerpt\"><p>Por Francine Alepin. &nbsp; Caravana. Resultado del taller impartido por Francine Alepin Canad\u00e1-M\u00e9xico Viernes 14 | 19 h S\u00e1bado 15 | 12 h Caja negra del CUT &nbsp; M\u00e1s obras...<\/p><a\n                            href=\"http:\/\/teatrounam.com.mx\/fitu27\/work-in-progress-caravana-busqueda-antropologica-y-poetica-de-los-gestos-de-america\/\"\n                            class=\"eael-post-elements-readmore-btn\"\n                            \n                            \n                            >Leer m\u00e1s<\/a><\/div>\n                    <\/div><\/div><\/div>\n        <\/div>\n    <\/article><article class=\"eael-grid-post eael-post-grid-column\" data-id=\"536\">\n        <div class=\"eael-grid-post-holder\">\n            <div class=\"eael-grid-post-holder-inner\"><div class=\"eael-entry-media\"><div class=\"eael-entry-overlay fade-in\"><i class=\"fas fa-long-arrow-alt-right\" aria-hidden=\"true\"><\/i><a\n                            href=\"http:\/\/teatrounam.com.mx\/fitu27\/jardin-sonoro\/\"\n                            \n                            \n                        ><\/a><\/div><div class=\"eael-entry-thumbnail\">\n                                <img src=\"http:\/\/teatrounam.com.mx\/fitu27\/wp-content\/uploads\/2020\/01\/jardin_sonoro.png\" alt=\"\">\n                            <\/div><\/div><div class=\"eael-entry-wrapper\"><header class=\"eael-entry-header\"><h2 class=\"eael-entry-title\"><a\n                        class=\"eael-grid-post-link\"\n                        href=\"http:\/\/teatrounam.com.mx\/fitu27\/jardin-sonoro\/\"\n                        title=\"Jard\u00edn Sonoro\"\n                        \n                        \n                        >Jard\u00edn Sonoro<\/a><\/h2><\/header><div class=\"eael-entry-content\">\n                        <div class=\"eael-grid-post-excerpt\"><p>&nbsp; Proyecto colectivo de Aliana \u00c1lvarez Pacheco, Florencia Lavalle y Sol Sa\u00f1udo Jard\u00edn Sonoro es una experiencia teatral que interviene el espacio p\u00fablico a trav\u00e9s del cruce del teatro con...<\/p><a\n                            href=\"http:\/\/teatrounam.com.mx\/fitu27\/jardin-sonoro\/\"\n                            class=\"eael-post-elements-readmore-btn\"\n                            \n                            \n                            >Leer m\u00e1s<\/a><\/div>\n                    <\/div><\/div><\/div>\n        <\/div>\n    <\/article><article class=\"eael-grid-post eael-post-grid-column\" data-id=\"489\">\n        <div class=\"eael-grid-post-holder\">\n            <div class=\"eael-grid-post-holder-inner\"><div class=\"eael-entry-media\"><div class=\"eael-entry-overlay fade-in\"><i class=\"fas fa-long-arrow-alt-right\" aria-hidden=\"true\"><\/i><a\n                            href=\"http:\/\/teatrounam.com.mx\/fitu27\/cheran-o-la-democracia-segun-cinco-indias-rijosas\/\"\n                            \n                            \n                        ><\/a><\/div><div class=\"eael-entry-thumbnail\">\n                                <img src=\"http:\/\/teatrounam.com.mx\/fitu27\/wp-content\/uploads\/2020\/01\/cheran_dom.jpg\" alt=\"\">\n                            <\/div><\/div><div class=\"eael-entry-wrapper\"><header class=\"eael-entry-header\"><h2 class=\"eael-entry-title\"><a\n                        class=\"eael-grid-post-link\"\n                        href=\"http:\/\/teatrounam.com.mx\/fitu27\/cheran-o-la-democracia-segun-cinco-indias-rijosas\/\"\n                        title=\"Chera\u0301n o la democracia segu\u0301n cinco indias rijosas\"\n                        \n                        \n                        >Chera\u0301n o la democracia segu\u0301n cinco indias rijosas<\/a><\/h2><\/header><div class=\"eael-entry-content\">\n                        <div class=\"eael-grid-post-excerpt\"><p>Compan\u0303i\u0301a Nacional de Teatro y Compan\u0303i\u0301a Titular de Teatro de la Universidad Veracruzana.\u00b6 CDMX \u2013 Veracruz.\u00b6 Texto ficticio basado en un hecho real que ocurrio\u0301 en 2011 en el municipio...<\/p><a\n                            href=\"http:\/\/teatrounam.com.mx\/fitu27\/cheran-o-la-democracia-segun-cinco-indias-rijosas\/\"\n                            class=\"eael-post-elements-readmore-btn\"\n                            \n                            \n                            >Leer m\u00e1s<\/a><\/div>\n                    <\/div><\/div><\/div>\n        <\/div>\n    <\/article><article class=\"eael-grid-post eael-post-grid-column\" data-id=\"484\">\n        <div class=\"eael-grid-post-holder\">\n            <div class=\"eael-grid-post-holder-inner\"><div class=\"eael-entry-media\"><div class=\"eael-entry-overlay fade-in\"><i class=\"fas fa-long-arrow-alt-right\" aria-hidden=\"true\"><\/i><a\n                            href=\"http:\/\/teatrounam.com.mx\/fitu27\/el-camino-donde-nosotros-lloramos\/\"\n                            \n                            \n                        ><\/a><\/div><div class=\"eael-entry-thumbnail\">\n                                <img src=\"http:\/\/teatrounam.com.mx\/fitu27\/wp-content\/uploads\/2020\/01\/El-camino-bueno.png\" alt=\"\">\n                            <\/div><\/div><div class=\"eael-entry-wrapper\"><header class=\"eael-entry-header\"><h2 class=\"eael-entry-title\"><a\n                        class=\"eael-grid-post-link\"\n                        href=\"http:\/\/teatrounam.com.mx\/fitu27\/el-camino-donde-nosotros-lloramos\/\"\n                        title=\"El camino donde nosotros lloramos\"\n                        \n                        \n                        >El camino donde nosotros lloramos<\/a><\/h2><\/header><div class=\"eael-entry-content\">\n                        <div class=\"eael-grid-post-excerpt\"><p>Dramaturgia y direccio\u0301n Luisa Pardo y La\u0301zaro Gabino Rodr\u00edguez Una coproduccio\u0301n de CalArts y Lagartijas Tiradas al Sol El camino donde nosotros lloramos investiga la migracio\u0301n de personas de la...<\/p><a\n                            href=\"http:\/\/teatrounam.com.mx\/fitu27\/el-camino-donde-nosotros-lloramos\/\"\n                            class=\"eael-post-elements-readmore-btn\"\n                            \n                            \n                            >Leer m\u00e1s<\/a><\/div>\n                    <\/div><\/div><\/div>\n        <\/div>\n    <\/article><\/div>\n            <div class=\"clearfix\"><\/div>\n        <\/div>\t\t<\/div>\n\t\t\t\t<\/div>\n\t\t\t\t\t\t<\/div>\n\t\t\t\t\t<\/div>\n\t\t<\/div>\n\t\t\t\t\t\t\t\t<\/div>\n\t\t\t\t\t<\/div>\n\t\t<\/section>\n\t\t\t\t\t\t<\/div>\n\t\t\t\t\t\t<\/div>\n\t\t\t\t\t<\/div>\n\t\t","protected":false},"excerpt":{"rendered":"<p>Compan\u0303i\u0301a Nacional de Teatro y Compan\u0303i\u0301a Titular de Teatro de la Universidad Veracruzana.\u00b6 CDMX \u2013 Veracruz.\u00b6 Texto ficticio basado en un hecho real que ocurrio\u0301 en 2011 en el municipio &hellip; <\/p>\n","protected":false},"author":1,"featured_media":1974,"comment_status":"closed","ping_status":"closed","sticky":false,"template":"","format":"standard","meta":{"spay_email":""},"categories":[33,14,34],"tags":[24],"yoast_head":"<!-- This site is optimized with the Yoast SEO plugin v16.1.1 - https:\/\/yoast.com\/wordpress\/plugins\/seo\/ -->\n<title>Chera\u0301n o la democracia segu\u0301n cinco indias rijosas - 27 Festival Internacional de Teatro Universitario<\/title>\n<meta property=\"og:locale\" content=\"es_MX\" \/>\n<meta property=\"og:type\" content=\"article\" \/>\n<meta property=\"og:title\" content=\"Chera\u0301n o la democracia segu\u0301n cinco indias rijosas - 27 Festival Internacional de Teatro Universitario\" \/>\n<meta property=\"og:description\" content=\"Compan\u0303i\u0301a Nacional de Teatro y Compan\u0303i\u0301a Titular de Teatro de la Universidad Veracruzana.\u00b6 CDMX \u2013 Veracruz.\u00b6 Texto ficticio basado en un hecho real que ocurrio\u0301 en 2011 en el municipio &hellip;\" \/>\n<meta property=\"og:url\" content=\"http:\/\/teatrounam.com.mx\/fitu27\/cheran-o-la-democracia-segun-cinco-indias-rijosas\/\" \/>\n<meta property=\"og:site_name\" content=\"27 Festival Internacional de Teatro Universitario\" \/>\n<meta property=\"article:published_time\" content=\"2020-01-27T21:08:21+00:00\" \/>\n<meta property=\"article:modified_time\" content=\"2020-02-12T20:40:00+00:00\" \/>\n<meta property=\"og:image\" content=\"http:\/\/teatrounam.com.mx\/fitu27\/wp-content\/uploads\/2020\/01\/cheran_dom.jpg\" \/>\n\t<meta property=\"og:image:width\" content=\"846\" \/>\n\t<meta property=\"og:image:height\" content=\"499\" \/>\n<meta name=\"twitter:card\" content=\"summary_large_image\" \/>\n<meta name=\"twitter:label1\" content=\"Tiempo de lectura\">\n\t<meta name=\"twitter:data1\" content=\"2 minutos\">\n<script type=\"application\/ld+json\" class=\"yoast-schema-graph\">{\"@context\":\"https:\/\/schema.org\",\"@graph\":[{\"@type\":\"WebSite\",\"@id\":\"https:\/\/teatrounam.com.mx\/fitu27\/#website\",\"url\":\"https:\/\/teatrounam.com.mx\/fitu27\/\",\"name\":\"27 Festival Internacional de Teatro Universitario\",\"description\":\"Del 7 al 16 de febrero 2020\",\"potentialAction\":[{\"@type\":\"SearchAction\",\"target\":\"https:\/\/teatrounam.com.mx\/fitu27\/?s={search_term_string}\",\"query-input\":\"required name=search_term_string\"}],\"inLanguage\":\"es-MX\"},{\"@type\":\"ImageObject\",\"@id\":\"http:\/\/teatrounam.com.mx\/fitu27\/cheran-o-la-democracia-segun-cinco-indias-rijosas\/#primaryimage\",\"inLanguage\":\"es-MX\",\"url\":\"http:\/\/teatrounam.com.mx\/fitu27\/wp-content\/uploads\/2020\/01\/cheran_dom.jpg\",\"contentUrl\":\"http:\/\/teatrounam.com.mx\/fitu27\/wp-content\/uploads\/2020\/01\/cheran_dom.jpg\",\"width\":846,\"height\":499},{\"@type\":\"WebPage\",\"@id\":\"http:\/\/teatrounam.com.mx\/fitu27\/cheran-o-la-democracia-segun-cinco-indias-rijosas\/#webpage\",\"url\":\"http:\/\/teatrounam.com.mx\/fitu27\/cheran-o-la-democracia-segun-cinco-indias-rijosas\/\",\"name\":\"Chera\\u0301n o la democracia segu\\u0301n cinco indias rijosas - 27 Festival Internacional de Teatro Universitario\",\"isPartOf\":{\"@id\":\"https:\/\/teatrounam.com.mx\/fitu27\/#website\"},\"primaryImageOfPage\":{\"@id\":\"http:\/\/teatrounam.com.mx\/fitu27\/cheran-o-la-democracia-segun-cinco-indias-rijosas\/#primaryimage\"},\"datePublished\":\"2020-01-27T21:08:21+00:00\",\"dateModified\":\"2020-02-12T20:40:00+00:00\",\"author\":{\"@id\":\"https:\/\/teatrounam.com.mx\/fitu27\/#\/schema\/person\/ccd91f4c6635e14b9d994ede00b28e62\"},\"breadcrumb\":{\"@id\":\"http:\/\/teatrounam.com.mx\/fitu27\/cheran-o-la-democracia-segun-cinco-indias-rijosas\/#breadcrumb\"},\"inLanguage\":\"es-MX\",\"potentialAction\":[{\"@type\":\"ReadAction\",\"target\":[\"http:\/\/teatrounam.com.mx\/fitu27\/cheran-o-la-democracia-segun-cinco-indias-rijosas\/\"]}]},{\"@type\":\"BreadcrumbList\",\"@id\":\"http:\/\/teatrounam.com.mx\/fitu27\/cheran-o-la-democracia-segun-cinco-indias-rijosas\/#breadcrumb\",\"itemListElement\":[{\"@type\":\"ListItem\",\"position\":1,\"item\":{\"@type\":\"WebPage\",\"@id\":\"http:\/\/teatrounam.com.mx\/fitu27\/\",\"url\":\"http:\/\/teatrounam.com.mx\/fitu27\/\",\"name\":\"Home\"}},{\"@type\":\"ListItem\",\"position\":2,\"item\":{\"@type\":\"WebPage\",\"@id\":\"http:\/\/teatrounam.com.mx\/fitu27\/cheran-o-la-democracia-segun-cinco-indias-rijosas\/\",\"url\":\"http:\/\/teatrounam.com.mx\/fitu27\/cheran-o-la-democracia-segun-cinco-indias-rijosas\/\",\"name\":\"Chera\\u0301n o la democracia segu\\u0301n cinco indias rijosas\"}}]},{\"@type\":\"Person\",\"@id\":\"https:\/\/teatrounam.com.mx\/fitu27\/#\/schema\/person\/ccd91f4c6635e14b9d994ede00b28e62\",\"name\":\"teatrounam\",\"image\":{\"@type\":\"ImageObject\",\"@id\":\"https:\/\/teatrounam.com.mx\/fitu27\/#personlogo\",\"inLanguage\":\"es-MX\",\"url\":\"http:\/\/2.gravatar.com\/avatar\/e4432af7cb563867882da40c01d190bc?s=96&d=mm&r=g\",\"contentUrl\":\"http:\/\/2.gravatar.com\/avatar\/e4432af7cb563867882da40c01d190bc?s=96&d=mm&r=g\",\"caption\":\"teatrounam\"}}]}<\/script>\n<!-- \/ Yoast SEO plugin. -->","jetpack_featured_media_url":"http:\/\/teatrounam.com.mx\/fitu27\/wp-content\/uploads\/2020\/01\/cheran_dom.jpg","_links":{"self":[{"href":"http:\/\/teatrounam.com.mx\/fitu27\/wp-json\/wp\/v2\/posts\/489"}],"collection":[{"href":"http:\/\/teatrounam.com.mx\/fitu27\/wp-json\/wp\/v2\/posts"}],"about":[{"href":"http:\/\/teatrounam.com.mx\/fitu27\/wp-json\/wp\/v2\/types\/post"}],"author":[{"embeddable":true,"href":"http:\/\/teatrounam.com.mx\/fitu27\/wp-json\/wp\/v2\/users\/1"}],"replies":[{"embeddable":true,"href":"http:\/\/teatrounam.com.mx\/fitu27\/wp-json\/wp\/v2\/comments?post=489"}],"version-history":[{"count":12,"href":"http:\/\/teatrounam.com.mx\/fitu27\/wp-json\/wp\/v2\/posts\/489\/revisions"}],"predecessor-version":[{"id":1872,"href":"http:\/\/teatrounam.com.mx\/fitu27\/wp-json\/wp\/v2\/posts\/489\/revisions\/1872"}],"wp:featuredmedia":[{"embeddable":true,"href":"http:\/\/teatrounam.com.mx\/fitu27\/wp-json\/wp\/v2\/media\/1974"}],"wp:attachment":[{"href":"http:\/\/teatrounam.com.mx\/fitu27\/wp-json\/wp\/v2\/media?parent=489"}],"wp:term":[{"taxonomy":"category","embeddable":true,"href":"http:\/\/teatrounam.com.mx\/fitu27\/wp-json\/wp\/v2\/categories?post=489"},{"taxonomy":"post_tag","embeddable":true,"href":"http:\/\/teatrounam.com.mx\/fitu27\/wp-json\/wp\/v2\/tags?post=489"}],"curies":[{"name":"wp","href":"https:\/\/api.w.org\/{rel}","templated":true}]}}